{"id":1095,"date":"2020-10-11T09:30:14","date_gmt":"2020-10-11T07:30:14","guid":{"rendered":"https:\/\/scultura.local\/?p=1095"},"modified":"2020-10-28T12:52:47","modified_gmt":"2020-10-28T11:52:47","slug":"neus-penya-roja-garcia","status":"publish","type":"post","link":"https:\/\/culturaonline.consorcimuseus.gva.es\/es\/neus-penya-roja-garcia\/","title":{"rendered":"NEUS PENYA-ROJA GARC\u00cdA"},"content":{"rendered":"<div class=\"wpb-content-wrapper\"><p>[vc_row el_class=\u00bbtitulo-pagina-custom-container\u00bb][vc_column][vc_column_text css=\u00bb.vc_custom_1602422279829{margin-bottom: 15px !important;}\u00bb el_class=\u00bbtitulo-pagina-custom\u00bb]ARTISTAS[\/vc_column_text][\/vc_column][\/vc_row][vc_row][vc_column][vc_separator color=\u00bbblack\u00bb][\/vc_column][\/vc_row][vc_row][vc_column width=\u00bb1\/3&#8243;][vc_column_text el_class=\u00bbpost-container-titulo-artista\u00bb]<\/p>\n<h3>NEUS PENYA-ROJA GARC\u00cdA<\/h3>\n<p>[\/vc_column_text][vc_column_text el_class=\u00bbpost-container-titulo-proyecto\u00bb css=\u00bb.vc_custom_1602954611402{margin-bottom: 20px !important;}\u00bb]<\/p>\n<h4><strong><em>Las batas que se abren por detr\u00e1s<\/em><\/strong><\/h4>\n<p>[\/vc_column_text][vc_column_text el_class=\u00bbpost-container-datos-proyecto\u00bb]Proyecto seleccionado en la convocatoria Cultura Online #CMCVaCasa del Consorci de Museus de la Comunitat Valenciana<\/p>\n<p><a href=\"https:\/\/youtu.be\/hUHbBINz-bg\" target=\"_blank\" rel=\"noopener noreferrer\"><strong>VER OBRA &#8216;P\u00farpura y otras contingencias&#8217;<\/strong><\/a><\/p>\n<p><strong><a href=\"https:\/\/youtu.be\/xq6bneuLKU8\" target=\"_blank\" rel=\"noopener noreferrer\">VER OBRA &#8216;Tutorial Llanto&#8217;<\/a><\/strong><\/p>\n<p><strong><a href=\"https:\/\/youtu.be\/6iH-St-RycY\" target=\"_blank\" rel=\"noopener noreferrer\">VER OBRA &#8216;Sinfines&#8217;<\/a><\/strong><\/p>\n<p><strong><a href=\"https:\/\/youtu.be\/LXNo_5UtaWU\" target=\"_blank\" rel=\"noopener noreferrer\">VER OBRA&#8217; Buscando a Hudna&#8217;<\/a><\/strong><\/p>\n<p><strong><a href=\"https:\/\/youtu.be\/UXN2ZFvMhpw\" target=\"_blank\" rel=\"noopener noreferrer\">VER OBRA &#8216;Calambres&#8217;<\/a><\/strong><\/p>\n<p><strong><a href=\"https:\/\/youtu.be\/RdO5fZt2utU\" target=\"_blank\" rel=\"noopener noreferrer\">VER OBRA &#8216;Continencias&#8217;<\/a><\/strong><\/p>\n<p><strong><a href=\"https:\/\/youtu.be\/lHQnUeFqRac\" target=\"_blank\" rel=\"noopener noreferrer\">VER OBRA&#8217; Finamientos&#8217;<\/a><\/strong><\/p>\n<p><strong><a href=\"https:\/\/youtu.be\/587dt5eaaqU\" target=\"_blank\" rel=\"noopener noreferrer\">VER OBRA &#8216;Rezos&#8217;<\/a><\/strong><\/p>\n<p><strong><a href=\"https:\/\/youtu.be\/lHq8EI0xFRc\" target=\"_blank\" rel=\"noopener noreferrer\">VER OBRA &#8216;Hudna&#8217;<\/a><\/strong><\/p>\n<p><strong><a href=\"https:\/\/youtu.be\/hSIUFPOjxkA\" target=\"_blank\" rel=\"noopener noreferrer\">VER OBRA &#8216;Mi-o&#8217;<\/a><\/strong><\/p>\n<p><strong><a href=\"https:\/\/youtu.be\/ZZxvVc6YkHY\" target=\"_blank\" rel=\"noopener noreferrer\">VER OBRA &#8216;Poslogo&#8217;<\/a><\/strong><\/p>\n<p><strong>Tags: <\/strong>Proyecto performativo. Once c\u00e1psulas independientes. Enfermedad. Roles y tab\u00faes.<\/p>\n<p><strong>Redes sociales:<\/strong><\/p>\n<p><a href=\"https:\/\/www.facebook.com\/penya.roja.neus\/\" target=\"_blank\" rel=\"noopener noreferrer\">Facebook<\/a><\/p>\n<p>Instagram: @neuspenyaroja<\/p>\n<p>Instagram de espect\u00e1culos: @nuapam[\/vc_column_text][vc_column_text el_class=\u00bbpost-container-enlace-eje\u00bb]Ver eje <strong>&#8216;<a href=\"https:\/\/culturaonline.consorcimuseus.gva.es\/es\/cultura-online\/desde-el-confinamiento-paradigmas-visiones-emociones\/\" target=\"_blank\" rel=\"noopener noreferrer\">Desde el confinamiento. Paradigmas. Visiones. Emociones<\/a>&#8216;<\/strong>[\/vc_column_text][vc_column_text]<style type=\"text\/css\" data-key=\"share-buttons-sizes-s-\">.essb_links.essb_size_s .essb_link_svg_icon svg{height:16px;width:auto}.essb_links.essb_size_s .essb_icon{width:30px !important;height:30px !important}.essb_links.essb_size_s .essb_icon:before{font-size:16px !important;top:7px !important;left:7px !important}.essb_links.essb_size_s li a .essb_network_name{font-size:12px !important;font-weight:400 !important;line-height:12px !important}.essb_links.essb_size_s .essb_totalcount_item .essb_t_l_big,.essb_links.essb_size_s .essb_totalcount_item .essb_t_r_big{font-size:16px !important;line-height:16px !important}.essb_links.essb_size_s .essb_totalcount_item .essb_t_l_big .essb_t_nb_after,.essb_links.essb_size_s .essb_totalcount_item .essb_t_r_big .essb_t_nb_after{font-size:9px !important;line-height:9px !important;margin-top:1px !important}.essb_links.essb_size_s .essb_totalcount_item .essb_t_l_big.essb_total_icon:before,.essb_links.essb_size_s .essb_totalcount_item .essb_t_r_big.essb_total_icon:before{font-size:16px !important;line-height:26px !important}<\/style><div class=\"essb_links essb_displayed_shortcode essb_share essb_template_circles-retina essb_2050918200 essb_size_s print-no\" id=\"essb_displayed_shortcode_2050918200\" data-essb-postid=\"1095\" data-essb-position=\"shortcode\" data-essb-button-style=\"icon\" data-essb-template=\"circles-retina\" data-essb-counter-pos=\"hidden\" data-essb-url=\"https:\/\/culturaonline.consorcimuseus.gva.es\/es\/neus-penya-roja-garcia\/\" data-essb-fullurl=\"https:\/\/culturaonline.consorcimuseus.gva.es\/es\/neus-penya-roja-garcia\/\" data-essb-instance=\"2050918200\"><div class=\"essb_message_above_share\">Compartir<\/div><ul class=\"essb_links_list essb_force_hide_name essb_force_hide\"><li class=\"essb_item essb_link_facebook nolightbox essb_link_svg_icon\"> <a href=\"https:\/\/www.facebook.com\/sharer\/sharer.php?u=https%3A%2F%2Fculturaonline.consorcimuseus.gva.es%2Fes%2Fneus-penya-roja-garcia%2F&t=NEUS+PENYA-ROJA+GARC%C3%8DA\" title=\"Share on Facebook\" onclick=\"essb.window(&#39;https:\/\/www.facebook.com\/sharer\/sharer.php?u=https%3A%2F%2Fculturaonline.consorcimuseus.gva.es%2Fes%2Fneus-penya-roja-garcia%2F&t=NEUS+PENYA-ROJA+GARC%C3%8DA&#39;,&#39;facebook&#39;,&#39;2050918200&#39;); return false;\" target=\"_blank\" rel=\"noreferrer noopener nofollow\" class=\"nolightbox essb-s-c-facebook essb-s-b-facebook essb-s-bgh-facebook essb-s-ch-light essb-s-bh-facebook essb-s-c-network essb-s-b-network essb-s-bgh-network essb-s-bh-network\" ><span class=\"essb_icon essb_icon_facebook\"><svg class=\"essb-svg-icon essb-svg-icon-facebook\" aria-hidden=\"true\" role=\"img\" focusable=\"false\" xmlns=\"http:\/\/www.w3.org\/2000\/svg\" width=\"16\" height=\"16\" viewBox=\"0 0 16 16\"><path d=\"M16 8.049c0-4.446-3.582-8.05-8-8.05C3.58 0-.002 3.603-.002 8.05c0 4.017 2.926 7.347 6.75 7.951v-5.625h-2.03V8.05H6.75V6.275c0-2.017 1.195-3.131 3.022-3.131.876 0 1.791.157 1.791.157v1.98h-1.009c-.993 0-1.303.621-1.303 1.258v1.51h2.218l-.354 2.326H9.25V16c3.824-.604 6.75-3.934 6.75-7.951\"><\/path><\/svg><\/span><span class=\"essb_network_name essb_noname\"><\/span><\/a><\/li><li class=\"essb_item essb_link_twitter nolightbox essb_link_twitter_x essb_link_svg_icon\"> <a href=\"https:\/\/x.com\/intent\/post?text=NEUS%20PENYA-ROJA%20GARC\u00cdA&amp;url=https%3A%2F%2Fculturaonline.consorcimuseus.gva.es%2Fes%2Fneus-penya-roja-garcia%2F\" title=\"Share on Twitter\" onclick=\"essb.window(&#39;https:\/\/x.com\/intent\/post?text=NEUS%20PENYA-ROJA%20GARC\u00cdA&amp;url=https%3A%2F%2Fculturaonline.consorcimuseus.gva.es%2Fes%2Fneus-penya-roja-garcia%2F&#39;,&#39;twitter&#39;,&#39;2050918200&#39;); return false;\" target=\"_blank\" rel=\"noreferrer noopener nofollow\" class=\"nolightbox essb-s-c-twitter essb-s-b-twitter essb-s-bgh-twitter essb-s-ch-light essb-s-bh-twitter essb-s-c-network essb-s-b-network essb-s-bgh-network essb-s-bh-network\" ><span class=\"essb_icon essb_icon_twitter_x\"><svg class=\"essb-svg-icon essb-svg-icon-twitter_x\" aria-hidden=\"true\" role=\"img\" focusable=\"false\" viewBox=\"0 0 24 24\"><path d=\"M18.244 2.25h3.308l-7.227 8.26 8.502 11.24H16.17l-5.214-6.817L4.99 21.75H1.68l7.73-8.835L1.254 2.25H8.08l4.713 6.231zm-1.161 17.52h1.833L7.084 4.126H5.117z\"><\/path><\/svg><\/span><span class=\"essb_network_name essb_noname\"><\/span><\/a><\/li><li class=\"essb_item essb_link_pinterest nolightbox essb_link_svg_icon\"> <a href=\"#\" title=\"Share on Pinterest\" onclick=\"essb.pinterest_picker(&#39;2050918200&#39;); return false;\" target=\"_blank\" rel=\"noreferrer noopener nofollow\" class=\"nolightbox essb-s-c-pinterest essb-s-b-pinterest essb-s-bgh-pinterest essb-s-ch-light essb-s-bh-pinterest essb-s-c-network essb-s-b-network essb-s-bgh-network essb-s-bh-network\" ><span class=\"essb_icon essb_icon_pinterest\"><svg class=\"essb-svg-icon essb-svg-icon-pinterest\" aria-hidden=\"true\" role=\"img\" focusable=\"false\" width=\"32\" height=\"32\" viewBox=\"0 0 32 32\" xmlns=\"http:\/\/www.w3.org\/2000\/svg\"><path d=\"M10.625 12.25c0-1.375 0.313-2.5 1.063-3.438 0.688-0.938 1.563-1.438 2.563-1.438 0.813 0 1.438 0.25 1.875 0.813s0.688 1.25 0.688 2.063c0 0.5-0.125 1.125-0.313 1.813-0.188 0.75-0.375 1.625-0.688 2.563-0.313 1-0.563 1.75-0.688 2.313-0.25 1-0.063 1.875 0.563 2.625 0.625 0.688 1.438 1.063 2.438 1.063 1.75 0 3.188-1 4.313-2.938 1.125-2 1.688-4.375 1.688-7.188 0-2.125-0.688-3.875-2.063-5.25-1.375-1.313-3.313-2-5.813-2-2.813 0-5.063 0.875-6.75 2.688-1.75 1.75-2.625 3.875-2.625 6.375 0 1.5 0.438 2.75 1.25 3.75 0.313 0.313 0.375 0.688 0.313 1.063-0.125 0.313-0.25 0.813-0.375 1.5-0.063 0.25-0.188 0.438-0.375 0.5s-0.375 0.063-0.563 0c-1.313-0.563-2.25-1.438-2.938-2.75s-1-2.813-1-4.5c0-1.125 0.188-2.188 0.563-3.313s0.875-2.188 1.625-3.188c0.75-1.063 1.688-1.938 2.688-2.75 1.063-0.813 2.313-1.438 3.875-1.938 1.5-0.438 3.125-0.688 4.813-0.688 1.813 0 3.438 0.313 4.938 0.938 1.5 0.563 2.813 1.375 3.813 2.375 1.063 1.063 1.813 2.188 2.438 3.5 0.563 1.313 0.875 2.688 0.875 4.063 0 3.75-0.938 6.875-2.875 9.313-1.938 2.5-4.375 3.688-7.375 3.688-1 0-1.938-0.188-2.813-0.688-0.875-0.438-1.5-1-1.875-1.688-0.688 2.938-1.125 4.688-1.313 5.25-0.375 1.438-1.25 3.188-2.688 5.25h-1.313c-0.25-2.563-0.188-4.688 0.188-6.375l2.438-10.313c-0.375-0.813-0.563-1.813-0.563-3.063z\"><\/path><\/svg><\/span><span class=\"essb_network_name essb_noname\"><\/span><\/a><\/li><\/ul><\/div>[\/vc_column_text][vc_empty_space height=\u00bb20px\u00bb][\/vc_column][vc_column width=\u00bb2\/3&#8243;][vc_single_image source=\u00bbfeatured_image\u00bb img_size=\u00bbfull\u00bb alignment=\u00bbcenter\u00bb image_hovers=\u00bbfalse\u00bb lazy_loading=\u00bbtrue\u00bb][vc_column_text]Proyecto performativo compuesto por 11 c\u00e1psulas independientes. La tem\u00e1tica gira en torno a los roles y tab\u00faes asociados con el concepto de enfermedad. Parto de acontecimientos de mi vida vinculados con mi salud y de las variaciones y cambios en relaci\u00f3n a la misma. Esta parte concreta act\u00faa como anclaje, me sirve para mirar desde diferentes perspectivas el espectro social y emocional que envuelven la enfermedad.<\/p>\n<p>Empleando un lenguaje que oscila entre lo po\u00e9tico, lo on\u00edrico y lo cotidiano para difuminar las l\u00edneas con las que solemos separar las cosas.<\/p>\n<p>En la situaci\u00f3n actual, despu\u00e9s de estas semanas de cuarentena es necesario crear un espacio para ventilar nuestras v\u00edsceras y exponer a los ojos de todas, nuestras penas, nuestras rabias o nuestras ansiedades. Tenemos que hacer algo con el miedo antes de que petrifique. Ese algo, no es otra cosa, que amar.<\/p>\n<p>Este proyecto es la consecuci\u00f3n de una residencia que concluy\u00f3 en una performance, en La Blanca, Barcelona, en 2017. En aquella residencia, la artista apuntal\u00f3 las bases de un lenguaje que le permit\u00eda ir alternando distintos c\u00f3digos interpretativos. Introdujo la parte de sus tesmonios reales. Quer\u00eda que la gente conectara con el contenido de modo intuitivo pero sin entrar en lo patetico. Los llev\u00f3 a trav\u00e9s de su historia a diferentes lecturas sobre esta y pudieron compartir sus miedos entre risas. Permitir que la luz alcance lugares donde normalmente no se mira para encontrar otros caminos.<\/p>\n<p>Como el resultado de la interacci\u00f3n con la gente fue tan nutritivo tambi\u00e9n para el desarrollo de la pieza, va a vincular el proceso creativo a sus redes sociales de un modo bidireccional.<\/p>\n<p><strong>\u00a0<\/strong><\/p>\n<p><strong>Autor\u00eda:<\/strong><\/p>\n<p>Neus Penya-Roja Garc\u00eda es actriz y artista multidisciplinaria. Nace y pasa su ni\u00f1ez en X\u00e0tiva y otras tierras de Val\u00e8ncia. Estudia en una escuela p\u00fablica de habla en valenciano donde participa en diferentes concursos y encuentros de dibujo y literatura. Escribe su primera poes\u00eda con seis a\u00f1os. En aquella \u00e9poca tambi\u00e9n empieza a organizar peque\u00f1as obras de teatro que se representan el d\u00eda de su cumplea\u00f1os. Al esparcimiento de la escuela, hace de directora y actriz principal mientras ensaya con las compa\u00f1eras. Su salud empieza a presentar complicaciones pronto y con once a\u00f1os es diagnosticada con una dolencia inmunol\u00f3gica rara. A consecuencia perdi\u00f3 la funci\u00f3n renal y le posaron un ri\u00f1\u00f3n nuevo, pronto har\u00e1 ya veintid\u00f3s a\u00f1os de esto. Desde aquel momento el arte se convirti\u00f3 en una herramienta imprescindible. El arte tambi\u00e9n desde la artesan\u00eda, construye complementos escenogr\u00e1ficos, joyas y otros objetos. El 2013 se licencia como actriz en el Instituto del Teatro Barcelona con la especialidad de texto. Previamente, en Val\u00e8ncia hab\u00eda hecho varios cursos al Escalante y la Escuela del Actor. Tambi\u00e9n lleg\u00f3 a cursar dos a\u00f1os de periodismo a la UV, antes de ir a Barcelona. All\u00ed, se especializa en teatro f\u00edsico, trabajando de la mano de Pere Sais, Andr\u00e9s Corchero y Angy Pin entre otros, y m\u00e1s concretamente en t\u00e9cnica Grotowski. Forma parte durante cinco a\u00f1os del grupo Artes performings lab., donde se desarrolla como actriz y maestra. Como actriz ha sido dirigida en diferentes proyectos tanto en Madrid como en Barcelona con directoras como Carme Portacelli, Aldo Benito. Durante El \u00faltimo periodo ha participado en dos cortos, diferentes obras de teatro y recita poes\u00eda en espacios como La Tabacalera de Madrid. Actualmente se encuentra en X\u00e0tiva. Utiliza el que tiene al alcance para comprender y estimar.<\/p>\n<p>[\/vc_column_text][\/vc_column][\/vc_row]<\/p>\n<\/div>","protected":false},"excerpt":{"rendered":"<p>Las batas que se abren por detr\u00e1s<\/p>\n","protected":false},"author":3,"featured_media":114,"comment_status":"closed","ping_status":"open","sticky":false,"template":"","format":"standard","meta":{"footnotes":""},"categories":[28],"tags":[],"class_list":["post-1095","post","type-post","status-publish","format-standard","has-post-thumbnail","hentry","category-desde-el-confinamiento","category-28","description-off"],"yoast_head":"<!-- This site is optimized with the Yoast SEO plugin v27.3 - https:\/\/yoast.com\/product\/yoast-seo-wordpress\/ -->\n<title>NEUS PENYA-ROJA GARC\u00cdA. Las batas que se abren por detr\u00e1s - Cultura Online<\/title>\n<meta name=\"robots\" content=\"index, follow, max-snippet:-1, max-image-preview:large, max-video-preview:-1\" \/>\n<link rel=\"canonical\" href=\"https:\/\/culturaonline.consorcimuseus.gva.es\/es\/neus-penya-roja-garcia\/\" \/>\n<meta property=\"og:locale\" content=\"es_ES\" \/>\n<meta property=\"og:type\" content=\"article\" \/>\n<meta property=\"og:title\" content=\"NEUS PENYA-ROJA GARC\u00cdA. Las batas que se abren por detr\u00e1s - Cultura Online\" \/>\n<meta property=\"og:description\" content=\"Las batas que se abren por detr\u00e1s\" \/>\n<meta property=\"og:url\" content=\"https:\/\/culturaonline.consorcimuseus.gva.es\/es\/neus-penya-roja-garcia\/\" \/>\n<meta property=\"og:site_name\" content=\"Cultura Online\" \/>\n<meta property=\"article:published_time\" content=\"2020-10-11T07:30:14+00:00\" \/>\n<meta property=\"article:modified_time\" content=\"2020-10-28T11:52:47+00:00\" \/>\n<meta property=\"og:image\" content=\"https:\/\/culturaonline.consorcimuseus.gva.es\/wp-content\/uploads\/2020\/10\/11-confinamiento-foto-neus-penya-roja-garcia.jpg\" \/>\n\t<meta property=\"og:image:width\" content=\"1000\" \/>\n\t<meta property=\"og:image:height\" content=\"667\" \/>\n\t<meta property=\"og:image:type\" content=\"image\/jpeg\" \/>\n<meta name=\"author\" content=\"Cultura Online CMCV\" \/>\n<meta name=\"twitter:card\" content=\"summary_large_image\" \/>\n<meta name=\"twitter:label1\" content=\"Escrito por\" \/>\n\t<meta name=\"twitter:data1\" content=\"Cultura Online CMCV\" \/>\n\t<meta name=\"twitter:label2\" content=\"Tiempo de lectura\" \/>\n\t<meta name=\"twitter:data2\" content=\"4 minutos\" \/>\n<script type=\"application\/ld+json\" class=\"yoast-schema-graph\">{\"@context\":\"https:\\\/\\\/schema.org\",\"@graph\":[{\"@type\":\"Article\",\"@id\":\"https:\\\/\\\/culturaonline.consorcimuseus.gva.es\\\/es\\\/neus-penya-roja-garcia\\\/#article\",\"isPartOf\":{\"@id\":\"https:\\\/\\\/culturaonline.consorcimuseus.gva.es\\\/es\\\/neus-penya-roja-garcia\\\/\"},\"author\":{\"name\":\"Cultura Online CMCV\",\"@id\":\"https:\\\/\\\/culturaonline.consorcimuseus.gva.es\\\/#\\\/schema\\\/person\\\/71b92be5411063db4a80d60f7b87bedf\"},\"headline\":\"NEUS PENYA-ROJA GARC\u00cdA\",\"datePublished\":\"2020-10-11T07:30:14+00:00\",\"dateModified\":\"2020-10-28T11:52:47+00:00\",\"mainEntityOfPage\":{\"@id\":\"https:\\\/\\\/culturaonline.consorcimuseus.gva.es\\\/es\\\/neus-penya-roja-garcia\\\/\"},\"wordCount\":848,\"publisher\":{\"@id\":\"https:\\\/\\\/culturaonline.consorcimuseus.gva.es\\\/#organization\"},\"image\":{\"@id\":\"https:\\\/\\\/culturaonline.consorcimuseus.gva.es\\\/es\\\/neus-penya-roja-garcia\\\/#primaryimage\"},\"thumbnailUrl\":\"https:\\\/\\\/culturaonline.consorcimuseus.gva.es\\\/wp-content\\\/uploads\\\/2020\\\/10\\\/11-confinamiento-foto-neus-penya-roja-garcia.jpg\",\"articleSection\":[\"Desde el confinamiento\"],\"inLanguage\":\"es\"},{\"@type\":\"WebPage\",\"@id\":\"https:\\\/\\\/culturaonline.consorcimuseus.gva.es\\\/es\\\/neus-penya-roja-garcia\\\/\",\"url\":\"https:\\\/\\\/culturaonline.consorcimuseus.gva.es\\\/es\\\/neus-penya-roja-garcia\\\/\",\"name\":\"NEUS PENYA-ROJA GARC\u00cdA. Las batas que se abren por detr\u00e1s - Cultura Online\",\"isPartOf\":{\"@id\":\"https:\\\/\\\/culturaonline.consorcimuseus.gva.es\\\/#website\"},\"primaryImageOfPage\":{\"@id\":\"https:\\\/\\\/culturaonline.consorcimuseus.gva.es\\\/es\\\/neus-penya-roja-garcia\\\/#primaryimage\"},\"image\":{\"@id\":\"https:\\\/\\\/culturaonline.consorcimuseus.gva.es\\\/es\\\/neus-penya-roja-garcia\\\/#primaryimage\"},\"thumbnailUrl\":\"https:\\\/\\\/culturaonline.consorcimuseus.gva.es\\\/wp-content\\\/uploads\\\/2020\\\/10\\\/11-confinamiento-foto-neus-penya-roja-garcia.jpg\",\"datePublished\":\"2020-10-11T07:30:14+00:00\",\"dateModified\":\"2020-10-28T11:52:47+00:00\",\"breadcrumb\":{\"@id\":\"https:\\\/\\\/culturaonline.consorcimuseus.gva.es\\\/es\\\/neus-penya-roja-garcia\\\/#breadcrumb\"},\"inLanguage\":\"es\",\"potentialAction\":[{\"@type\":\"ReadAction\",\"target\":[\"https:\\\/\\\/culturaonline.consorcimuseus.gva.es\\\/es\\\/neus-penya-roja-garcia\\\/\"]}]},{\"@type\":\"ImageObject\",\"inLanguage\":\"es\",\"@id\":\"https:\\\/\\\/culturaonline.consorcimuseus.gva.es\\\/es\\\/neus-penya-roja-garcia\\\/#primaryimage\",\"url\":\"https:\\\/\\\/culturaonline.consorcimuseus.gva.es\\\/wp-content\\\/uploads\\\/2020\\\/10\\\/11-confinamiento-foto-neus-penya-roja-garcia.jpg\",\"contentUrl\":\"https:\\\/\\\/culturaonline.consorcimuseus.gva.es\\\/wp-content\\\/uploads\\\/2020\\\/10\\\/11-confinamiento-foto-neus-penya-roja-garcia.jpg\",\"width\":1000,\"height\":667,\"caption\":\"NEUS PENYA-ROJA GARCIA. Las batas que se abre pos detr\u00e1s\"},{\"@type\":\"BreadcrumbList\",\"@id\":\"https:\\\/\\\/culturaonline.consorcimuseus.gva.es\\\/es\\\/neus-penya-roja-garcia\\\/#breadcrumb\",\"itemListElement\":[{\"@type\":\"ListItem\",\"position\":1,\"name\":\"Portada\",\"item\":\"https:\\\/\\\/culturaonline.consorcimuseus.gva.es\\\/es\\\/\"},{\"@type\":\"ListItem\",\"position\":2,\"name\":\"NEUS PENYA-ROJA GARC\u00cdA\"}]},{\"@type\":\"WebSite\",\"@id\":\"https:\\\/\\\/culturaonline.consorcimuseus.gva.es\\\/#website\",\"url\":\"https:\\\/\\\/culturaonline.consorcimuseus.gva.es\\\/\",\"name\":\"Cultura Online\",\"description\":\"\",\"publisher\":{\"@id\":\"https:\\\/\\\/culturaonline.consorcimuseus.gva.es\\\/#organization\"},\"potentialAction\":[{\"@type\":\"SearchAction\",\"target\":{\"@type\":\"EntryPoint\",\"urlTemplate\":\"https:\\\/\\\/culturaonline.consorcimuseus.gva.es\\\/?s={search_term_string}\"},\"query-input\":{\"@type\":\"PropertyValueSpecification\",\"valueRequired\":true,\"valueName\":\"search_term_string\"}}],\"inLanguage\":\"es\"},{\"@type\":\"Organization\",\"@id\":\"https:\\\/\\\/culturaonline.consorcimuseus.gva.es\\\/#organization\",\"name\":\"Consorci de Museus de la Comunitat Valenciana\",\"url\":\"https:\\\/\\\/culturaonline.consorcimuseus.gva.es\\\/\",\"logo\":{\"@type\":\"ImageObject\",\"inLanguage\":\"es\",\"@id\":\"https:\\\/\\\/culturaonline.consorcimuseus.gva.es\\\/#\\\/schema\\\/logo\\\/image\\\/\",\"url\":\"https:\\\/\\\/culturaonline.consorcimuseus.gva.es\\\/wp-content\\\/uploads\\\/2020\\\/10\\\/logo-consorci-museus.jpg\",\"contentUrl\":\"https:\\\/\\\/culturaonline.consorcimuseus.gva.es\\\/wp-content\\\/uploads\\\/2020\\\/10\\\/logo-consorci-museus.jpg\",\"width\":122,\"height\":108,\"caption\":\"Consorci de Museus de la Comunitat Valenciana\"},\"image\":{\"@id\":\"https:\\\/\\\/culturaonline.consorcimuseus.gva.es\\\/#\\\/schema\\\/logo\\\/image\\\/\"}},{\"@type\":\"Person\",\"@id\":\"https:\\\/\\\/culturaonline.consorcimuseus.gva.es\\\/#\\\/schema\\\/person\\\/71b92be5411063db4a80d60f7b87bedf\",\"name\":\"Cultura Online CMCV\",\"image\":{\"@type\":\"ImageObject\",\"inLanguage\":\"es\",\"@id\":\"https:\\\/\\\/secure.gravatar.com\\\/avatar\\\/8206a194875377fd4491e5801b47d4400baf7cc53b4764ffacf6953a9c63e6f5?s=96&d=mm&r=g\",\"url\":\"https:\\\/\\\/secure.gravatar.com\\\/avatar\\\/8206a194875377fd4491e5801b47d4400baf7cc53b4764ffacf6953a9c63e6f5?s=96&d=mm&r=g\",\"contentUrl\":\"https:\\\/\\\/secure.gravatar.com\\\/avatar\\\/8206a194875377fd4491e5801b47d4400baf7cc53b4764ffacf6953a9c63e6f5?s=96&d=mm&r=g\",\"caption\":\"Cultura Online CMCV\"}}]}<\/script>\n<!-- \/ Yoast SEO plugin. -->","yoast_head_json":{"title":"NEUS PENYA-ROJA GARC\u00cdA. Las batas que se abren por detr\u00e1s - Cultura Online","robots":{"index":"index","follow":"follow","max-snippet":"max-snippet:-1","max-image-preview":"max-image-preview:large","max-video-preview":"max-video-preview:-1"},"canonical":"https:\/\/culturaonline.consorcimuseus.gva.es\/es\/neus-penya-roja-garcia\/","og_locale":"es_ES","og_type":"article","og_title":"NEUS PENYA-ROJA GARC\u00cdA. Las batas que se abren por detr\u00e1s - Cultura Online","og_description":"Las batas que se abren por detr\u00e1s","og_url":"https:\/\/culturaonline.consorcimuseus.gva.es\/es\/neus-penya-roja-garcia\/","og_site_name":"Cultura Online","article_published_time":"2020-10-11T07:30:14+00:00","article_modified_time":"2020-10-28T11:52:47+00:00","og_image":[{"width":1000,"height":667,"url":"https:\/\/culturaonline.consorcimuseus.gva.es\/wp-content\/uploads\/2020\/10\/11-confinamiento-foto-neus-penya-roja-garcia.jpg","type":"image\/jpeg"}],"author":"Cultura Online CMCV","twitter_card":"summary_large_image","twitter_misc":{"Escrito por":"Cultura Online CMCV","Tiempo de lectura":"4 minutos"},"schema":{"@context":"https:\/\/schema.org","@graph":[{"@type":"Article","@id":"https:\/\/culturaonline.consorcimuseus.gva.es\/es\/neus-penya-roja-garcia\/#article","isPartOf":{"@id":"https:\/\/culturaonline.consorcimuseus.gva.es\/es\/neus-penya-roja-garcia\/"},"author":{"name":"Cultura Online CMCV","@id":"https:\/\/culturaonline.consorcimuseus.gva.es\/#\/schema\/person\/71b92be5411063db4a80d60f7b87bedf"},"headline":"NEUS PENYA-ROJA GARC\u00cdA","datePublished":"2020-10-11T07:30:14+00:00","dateModified":"2020-10-28T11:52:47+00:00","mainEntityOfPage":{"@id":"https:\/\/culturaonline.consorcimuseus.gva.es\/es\/neus-penya-roja-garcia\/"},"wordCount":848,"publisher":{"@id":"https:\/\/culturaonline.consorcimuseus.gva.es\/#organization"},"image":{"@id":"https:\/\/culturaonline.consorcimuseus.gva.es\/es\/neus-penya-roja-garcia\/#primaryimage"},"thumbnailUrl":"https:\/\/culturaonline.consorcimuseus.gva.es\/wp-content\/uploads\/2020\/10\/11-confinamiento-foto-neus-penya-roja-garcia.jpg","articleSection":["Desde el confinamiento"],"inLanguage":"es"},{"@type":"WebPage","@id":"https:\/\/culturaonline.consorcimuseus.gva.es\/es\/neus-penya-roja-garcia\/","url":"https:\/\/culturaonline.consorcimuseus.gva.es\/es\/neus-penya-roja-garcia\/","name":"NEUS PENYA-ROJA GARC\u00cdA. Las batas que se abren por detr\u00e1s - Cultura Online","isPartOf":{"@id":"https:\/\/culturaonline.consorcimuseus.gva.es\/#website"},"primaryImageOfPage":{"@id":"https:\/\/culturaonline.consorcimuseus.gva.es\/es\/neus-penya-roja-garcia\/#primaryimage"},"image":{"@id":"https:\/\/culturaonline.consorcimuseus.gva.es\/es\/neus-penya-roja-garcia\/#primaryimage"},"thumbnailUrl":"https:\/\/culturaonline.consorcimuseus.gva.es\/wp-content\/uploads\/2020\/10\/11-confinamiento-foto-neus-penya-roja-garcia.jpg","datePublished":"2020-10-11T07:30:14+00:00","dateModified":"2020-10-28T11:52:47+00:00","breadcrumb":{"@id":"https:\/\/culturaonline.consorcimuseus.gva.es\/es\/neus-penya-roja-garcia\/#breadcrumb"},"inLanguage":"es","potentialAction":[{"@type":"ReadAction","target":["https:\/\/culturaonline.consorcimuseus.gva.es\/es\/neus-penya-roja-garcia\/"]}]},{"@type":"ImageObject","inLanguage":"es","@id":"https:\/\/culturaonline.consorcimuseus.gva.es\/es\/neus-penya-roja-garcia\/#primaryimage","url":"https:\/\/culturaonline.consorcimuseus.gva.es\/wp-content\/uploads\/2020\/10\/11-confinamiento-foto-neus-penya-roja-garcia.jpg","contentUrl":"https:\/\/culturaonline.consorcimuseus.gva.es\/wp-content\/uploads\/2020\/10\/11-confinamiento-foto-neus-penya-roja-garcia.jpg","width":1000,"height":667,"caption":"NEUS PENYA-ROJA GARCIA. Las batas que se abre pos detr\u00e1s"},{"@type":"BreadcrumbList","@id":"https:\/\/culturaonline.consorcimuseus.gva.es\/es\/neus-penya-roja-garcia\/#breadcrumb","itemListElement":[{"@type":"ListItem","position":1,"name":"Portada","item":"https:\/\/culturaonline.consorcimuseus.gva.es\/es\/"},{"@type":"ListItem","position":2,"name":"NEUS PENYA-ROJA GARC\u00cdA"}]},{"@type":"WebSite","@id":"https:\/\/culturaonline.consorcimuseus.gva.es\/#website","url":"https:\/\/culturaonline.consorcimuseus.gva.es\/","name":"Cultura Online","description":"","publisher":{"@id":"https:\/\/culturaonline.consorcimuseus.gva.es\/#organization"},"potentialAction":[{"@type":"SearchAction","target":{"@type":"EntryPoint","urlTemplate":"https:\/\/culturaonline.consorcimuseus.gva.es\/?s={search_term_string}"},"query-input":{"@type":"PropertyValueSpecification","valueRequired":true,"valueName":"search_term_string"}}],"inLanguage":"es"},{"@type":"Organization","@id":"https:\/\/culturaonline.consorcimuseus.gva.es\/#organization","name":"Consorci de Museus de la Comunitat Valenciana","url":"https:\/\/culturaonline.consorcimuseus.gva.es\/","logo":{"@type":"ImageObject","inLanguage":"es","@id":"https:\/\/culturaonline.consorcimuseus.gva.es\/#\/schema\/logo\/image\/","url":"https:\/\/culturaonline.consorcimuseus.gva.es\/wp-content\/uploads\/2020\/10\/logo-consorci-museus.jpg","contentUrl":"https:\/\/culturaonline.consorcimuseus.gva.es\/wp-content\/uploads\/2020\/10\/logo-consorci-museus.jpg","width":122,"height":108,"caption":"Consorci de Museus de la Comunitat Valenciana"},"image":{"@id":"https:\/\/culturaonline.consorcimuseus.gva.es\/#\/schema\/logo\/image\/"}},{"@type":"Person","@id":"https:\/\/culturaonline.consorcimuseus.gva.es\/#\/schema\/person\/71b92be5411063db4a80d60f7b87bedf","name":"Cultura Online CMCV","image":{"@type":"ImageObject","inLanguage":"es","@id":"https:\/\/secure.gravatar.com\/avatar\/8206a194875377fd4491e5801b47d4400baf7cc53b4764ffacf6953a9c63e6f5?s=96&d=mm&r=g","url":"https:\/\/secure.gravatar.com\/avatar\/8206a194875377fd4491e5801b47d4400baf7cc53b4764ffacf6953a9c63e6f5?s=96&d=mm&r=g","contentUrl":"https:\/\/secure.gravatar.com\/avatar\/8206a194875377fd4491e5801b47d4400baf7cc53b4764ffacf6953a9c63e6f5?s=96&d=mm&r=g","caption":"Cultura Online CMCV"}}]}},"_links":{"self":[{"href":"https:\/\/culturaonline.consorcimuseus.gva.es\/es\/wp-json\/wp\/v2\/posts\/1095","targetHints":{"allow":["GET"]}}],"collection":[{"href":"https:\/\/culturaonline.consorcimuseus.gva.es\/es\/wp-json\/wp\/v2\/posts"}],"about":[{"href":"https:\/\/culturaonline.consorcimuseus.gva.es\/es\/wp-json\/wp\/v2\/types\/post"}],"author":[{"embeddable":true,"href":"https:\/\/culturaonline.consorcimuseus.gva.es\/es\/wp-json\/wp\/v2\/users\/3"}],"replies":[{"embeddable":true,"href":"https:\/\/culturaonline.consorcimuseus.gva.es\/es\/wp-json\/wp\/v2\/comments?post=1095"}],"version-history":[{"count":0,"href":"https:\/\/culturaonline.consorcimuseus.gva.es\/es\/wp-json\/wp\/v2\/posts\/1095\/revisions"}],"wp:featuredmedia":[{"embeddable":true,"href":"https:\/\/culturaonline.consorcimuseus.gva.es\/es\/wp-json\/wp\/v2\/media\/114"}],"wp:attachment":[{"href":"https:\/\/culturaonline.consorcimuseus.gva.es\/es\/wp-json\/wp\/v2\/media?parent=1095"}],"wp:term":[{"taxonomy":"category","embeddable":true,"href":"https:\/\/culturaonline.consorcimuseus.gva.es\/es\/wp-json\/wp\/v2\/categories?post=1095"},{"taxonomy":"post_tag","embeddable":true,"href":"https:\/\/culturaonline.consorcimuseus.gva.es\/es\/wp-json\/wp\/v2\/tags?post=1095"}],"curies":[{"name":"wp","href":"https:\/\/api.w.org\/{rel}","templated":true}]}}