{"id":1228,"date":"2020-10-11T07:30:45","date_gmt":"2020-10-11T05:30:45","guid":{"rendered":"https:\/\/scultura.local\/?p=1228"},"modified":"2020-10-29T13:08:59","modified_gmt":"2020-10-29T12:08:59","slug":"neuma-raquel-diaz-estela-corcoles-alejandra-villalobos-y-anna-pujol","status":"publish","type":"post","link":"https:\/\/culturaonline.consorcimuseus.gva.es\/es\/neuma-raquel-diaz-estela-corcoles-alejandra-villalobos-y-anna-pujol\/","title":{"rendered":"NEUMA (RAQUEL D\u00cdAZ, ESTELA C\u00d3RCOLES, ALEJANDRA VILLALOBOS Y ANNA PUJOL)"},"content":{"rendered":"<div class=\"wpb-content-wrapper\"><p>[vc_row el_class=\u00bbtitulo-pagina-custom-container\u00bb][vc_column][vc_column_text css=\u00bb.vc_custom_1602426668227{margin-bottom: 15px !important;}\u00bb el_class=\u00bbtitulo-pagina-custom\u00bb]ARTISTAS[\/vc_column_text][\/vc_column][\/vc_row][vc_row][vc_column][vc_separator color=\u00bbblack\u00bb][\/vc_column][\/vc_row][vc_row][vc_column width=\u00bb1\/3&#8243;][vc_column_text el_class=\u00bbpost-container-titulo-artista\u00bb]<\/p>\n<h3><strong>NEUMA (RAQUEL D\u00cdAZ ESQUIVA, ESTELA C\u00d3RCOLES, ALEJANDRA VILLALOBOS Y ANNA PUJOL)<\/strong><\/h3>\n<p>[\/vc_column_text][vc_column_text el_class=\u00bbpost-container-titulo-proyecto\u00bb css=\u00bb.vc_custom_1603973058847{margin-bottom: 20px !important;}\u00bb]<\/p>\n<h4><strong><em>Origen<\/em><\/strong><\/h4>\n<p>[\/vc_column_text][vc_column_text el_class=\u00bbpost-container-datos-proyecto\u00bb]Proyecto seleccionado en la convocatoria Cultura Online #CMCVaCasa del Consorci de Museus de la Comunitat Valenciana.<\/p>\n<p><a href=\"https:\/\/www.youtube.com\/playlist?list=PLQjqLOxNcqH4II6zOaFKo64I8CTn4KSC-\" target=\"_blank\" rel=\"noopener noreferrer\"><strong>VER OBRA<\/strong><\/a><\/p>\n<p><strong>Tags:<\/strong> Espect\u00e1culo multidisciplinar. M\u00fasica, movimiento, escenograf\u00eda, iluminaci\u00f3n, voz. Puesta en escena del \u00e1lbum musical Origen. Streaming.<\/p>\n<p><strong>Redes sociales:<\/strong><\/p>\n<p><a href=\"https:\/\/www.facebook.com\/neumaofficial\" target=\"_blank\" rel=\"noopener noreferrer\">Facebook<\/a><\/p>\n<p>Instagram:\u00a0<a href=\"https:\/\/www.instagram.com\/neuma_official\/\">@neuma_official<\/a>[\/vc_column_text][vc_column_text el_class=\u00bbpost-container-enlace-eje\u00bb]Ver eje <strong>&#8216;<a href=\"https:\/\/culturaonline.consorcimuseus.gva.es\/es\/cultura-online\/experimentacion-musical-paisajes-sonoros\/\">Experimentaci\u00f3n musical. Paisajes sonoros<\/a>&#8216;<\/strong>[\/vc_column_text][vc_column_text]<style type=\"text\/css\" data-key=\"share-buttons-sizes-s-\">.essb_links.essb_size_s .essb_link_svg_icon svg{height:16px;width:auto}.essb_links.essb_size_s .essb_icon{width:30px !important;height:30px !important}.essb_links.essb_size_s .essb_icon:before{font-size:16px !important;top:7px !important;left:7px !important}.essb_links.essb_size_s li a .essb_network_name{font-size:12px !important;font-weight:400 !important;line-height:12px !important}.essb_links.essb_size_s .essb_totalcount_item .essb_t_l_big,.essb_links.essb_size_s .essb_totalcount_item .essb_t_r_big{font-size:16px !important;line-height:16px !important}.essb_links.essb_size_s .essb_totalcount_item .essb_t_l_big .essb_t_nb_after,.essb_links.essb_size_s .essb_totalcount_item .essb_t_r_big .essb_t_nb_after{font-size:9px !important;line-height:9px !important;margin-top:1px !important}.essb_links.essb_size_s .essb_totalcount_item .essb_t_l_big.essb_total_icon:before,.essb_links.essb_size_s .essb_totalcount_item .essb_t_r_big.essb_total_icon:before{font-size:16px !important;line-height:26px !important}<\/style><div class=\"essb_links essb_displayed_shortcode essb_share essb_template_circles-retina essb_1655869388 essb_size_s print-no\" id=\"essb_displayed_shortcode_1655869388\" data-essb-postid=\"1228\" data-essb-position=\"shortcode\" data-essb-button-style=\"icon\" data-essb-template=\"circles-retina\" data-essb-counter-pos=\"hidden\" data-essb-url=\"https:\/\/culturaonline.consorcimuseus.gva.es\/es\/neuma-raquel-diaz-estela-corcoles-alejandra-villalobos-y-anna-pujol\/\" data-essb-fullurl=\"https:\/\/culturaonline.consorcimuseus.gva.es\/es\/neuma-raquel-diaz-estela-corcoles-alejandra-villalobos-y-anna-pujol\/\" data-essb-instance=\"1655869388\"><div class=\"essb_message_above_share\">Compartir<\/div><ul class=\"essb_links_list essb_force_hide_name essb_force_hide\"><li class=\"essb_item essb_link_facebook nolightbox essb_link_svg_icon\"> <a href=\"https:\/\/www.facebook.com\/sharer\/sharer.php?u=https%3A%2F%2Fculturaonline.consorcimuseus.gva.es%2Fes%2Fneuma-raquel-diaz-estela-corcoles-alejandra-villalobos-y-anna-pujol%2F&t=NEUMA+%28RAQUEL+D%C3%8DAZ%2C+ESTELA+C%C3%93RCOLES%2C+ALEJANDRA+VILLALOBOS+Y+ANNA+PUJOL%29\" title=\"Share on Facebook\" onclick=\"essb.window(&#39;https:\/\/www.facebook.com\/sharer\/sharer.php?u=https%3A%2F%2Fculturaonline.consorcimuseus.gva.es%2Fes%2Fneuma-raquel-diaz-estela-corcoles-alejandra-villalobos-y-anna-pujol%2F&t=NEUMA+%28RAQUEL+D%C3%8DAZ%2C+ESTELA+C%C3%93RCOLES%2C+ALEJANDRA+VILLALOBOS+Y+ANNA+PUJOL%29&#39;,&#39;facebook&#39;,&#39;1655869388&#39;); return false;\" target=\"_blank\" rel=\"noreferrer noopener nofollow\" class=\"nolightbox essb-s-c-facebook essb-s-b-facebook essb-s-bgh-facebook essb-s-ch-light essb-s-bh-facebook essb-s-c-network essb-s-b-network essb-s-bgh-network essb-s-bh-network\" ><span class=\"essb_icon essb_icon_facebook\"><svg class=\"essb-svg-icon essb-svg-icon-facebook\" aria-hidden=\"true\" role=\"img\" focusable=\"false\" xmlns=\"http:\/\/www.w3.org\/2000\/svg\" width=\"16\" height=\"16\" viewBox=\"0 0 16 16\"><path d=\"M16 8.049c0-4.446-3.582-8.05-8-8.05C3.58 0-.002 3.603-.002 8.05c0 4.017 2.926 7.347 6.75 7.951v-5.625h-2.03V8.05H6.75V6.275c0-2.017 1.195-3.131 3.022-3.131.876 0 1.791.157 1.791.157v1.98h-1.009c-.993 0-1.303.621-1.303 1.258v1.51h2.218l-.354 2.326H9.25V16c3.824-.604 6.75-3.934 6.75-7.951\"><\/path><\/svg><\/span><span class=\"essb_network_name essb_noname\"><\/span><\/a><\/li><li class=\"essb_item essb_link_twitter nolightbox essb_link_twitter_x essb_link_svg_icon\"> <a href=\"https:\/\/x.com\/intent\/post?text=NEUMA%20(RAQUEL%20D\u00cdAZ%2C%20ESTELA%20C\u00d3RCOLES%2C%20ALEJANDRA%20VILLALOBOS%20Y%20ANNA%20PUJOL)&amp;url=https%3A%2F%2Fculturaonline.consorcimuseus.gva.es%2Fes%2Fneuma-raquel-diaz-estela-corcoles-alejandra-villalobos-y-anna-pujol%2F\" title=\"Share on Twitter\" onclick=\"essb.window(&#39;https:\/\/x.com\/intent\/post?text=NEUMA%20(RAQUEL%20D\u00cdAZ%2C%20ESTELA%20C\u00d3RCOLES%2C%20ALEJANDRA%20VILLALOBOS%20Y%20ANNA%20PUJOL)&amp;url=https%3A%2F%2Fculturaonline.consorcimuseus.gva.es%2Fes%2Fneuma-raquel-diaz-estela-corcoles-alejandra-villalobos-y-anna-pujol%2F&#39;,&#39;twitter&#39;,&#39;1655869388&#39;); return false;\" target=\"_blank\" rel=\"noreferrer noopener nofollow\" class=\"nolightbox essb-s-c-twitter essb-s-b-twitter essb-s-bgh-twitter essb-s-ch-light essb-s-bh-twitter essb-s-c-network essb-s-b-network essb-s-bgh-network essb-s-bh-network\" ><span class=\"essb_icon essb_icon_twitter_x\"><svg class=\"essb-svg-icon essb-svg-icon-twitter_x\" aria-hidden=\"true\" role=\"img\" focusable=\"false\" viewBox=\"0 0 24 24\"><path d=\"M18.244 2.25h3.308l-7.227 8.26 8.502 11.24H16.17l-5.214-6.817L4.99 21.75H1.68l7.73-8.835L1.254 2.25H8.08l4.713 6.231zm-1.161 17.52h1.833L7.084 4.126H5.117z\"><\/path><\/svg><\/span><span class=\"essb_network_name essb_noname\"><\/span><\/a><\/li><li class=\"essb_item essb_link_pinterest nolightbox essb_link_svg_icon\"> <a href=\"#\" title=\"Share on Pinterest\" onclick=\"essb.pinterest_picker(&#39;1655869388&#39;); return false;\" target=\"_blank\" rel=\"noreferrer noopener nofollow\" class=\"nolightbox essb-s-c-pinterest essb-s-b-pinterest essb-s-bgh-pinterest essb-s-ch-light essb-s-bh-pinterest essb-s-c-network essb-s-b-network essb-s-bgh-network essb-s-bh-network\" ><span class=\"essb_icon essb_icon_pinterest\"><svg class=\"essb-svg-icon essb-svg-icon-pinterest\" aria-hidden=\"true\" role=\"img\" focusable=\"false\" width=\"32\" height=\"32\" viewBox=\"0 0 32 32\" xmlns=\"http:\/\/www.w3.org\/2000\/svg\"><path d=\"M10.625 12.25c0-1.375 0.313-2.5 1.063-3.438 0.688-0.938 1.563-1.438 2.563-1.438 0.813 0 1.438 0.25 1.875 0.813s0.688 1.25 0.688 2.063c0 0.5-0.125 1.125-0.313 1.813-0.188 0.75-0.375 1.625-0.688 2.563-0.313 1-0.563 1.75-0.688 2.313-0.25 1-0.063 1.875 0.563 2.625 0.625 0.688 1.438 1.063 2.438 1.063 1.75 0 3.188-1 4.313-2.938 1.125-2 1.688-4.375 1.688-7.188 0-2.125-0.688-3.875-2.063-5.25-1.375-1.313-3.313-2-5.813-2-2.813 0-5.063 0.875-6.75 2.688-1.75 1.75-2.625 3.875-2.625 6.375 0 1.5 0.438 2.75 1.25 3.75 0.313 0.313 0.375 0.688 0.313 1.063-0.125 0.313-0.25 0.813-0.375 1.5-0.063 0.25-0.188 0.438-0.375 0.5s-0.375 0.063-0.563 0c-1.313-0.563-2.25-1.438-2.938-2.75s-1-2.813-1-4.5c0-1.125 0.188-2.188 0.563-3.313s0.875-2.188 1.625-3.188c0.75-1.063 1.688-1.938 2.688-2.75 1.063-0.813 2.313-1.438 3.875-1.938 1.5-0.438 3.125-0.688 4.813-0.688 1.813 0 3.438 0.313 4.938 0.938 1.5 0.563 2.813 1.375 3.813 2.375 1.063 1.063 1.813 2.188 2.438 3.5 0.563 1.313 0.875 2.688 0.875 4.063 0 3.75-0.938 6.875-2.875 9.313-1.938 2.5-4.375 3.688-7.375 3.688-1 0-1.938-0.188-2.813-0.688-0.875-0.438-1.5-1-1.875-1.688-0.688 2.938-1.125 4.688-1.313 5.25-0.375 1.438-1.25 3.188-2.688 5.25h-1.313c-0.25-2.563-0.188-4.688 0.188-6.375l2.438-10.313c-0.375-0.813-0.563-1.813-0.563-3.063z\"><\/path><\/svg><\/span><span class=\"essb_network_name essb_noname\"><\/span><\/a><\/li><\/ul><\/div>[\/vc_column_text][vc_empty_space height=\u00bb20px\u00bb][\/vc_column][vc_column width=\u00bb2\/3&#8243;][vc_single_image source=\u00bbfeatured_image\u00bb img_size=\u00bbfull\u00bb alignment=\u00bbcenter\u00bb image_hovers=\u00bbfalse\u00bb lazy_loading=\u00bbtrue\u00bb][vc_column_text]<em>ORIGEN<\/em> es un espect\u00e1culo multidisciplinar que combina m\u00fasica, movimiento, escenograf\u00eda, il\u00b7luminaci\u00f3 y voz. Idea original de neuma y direcci\u00f3n esc\u00e9nica de Abel Coll, este espect\u00e1culo es la puesta en escena de nuestro \u00e1lbum ORIGEN (2019)<\/p>\n<p>\u2018Origen no solamente hay uno. Este es el nuestro\u2019.<\/p>\n<p>Valor, vitalidad, conexi\u00f3n, energ\u00eda.<\/p>\n<p>Cuatro obras. Cuatro int\u00e9rpretes.<\/p>\n<p>Donde todo empieza.\u201d<\/p>\n<p>Ante la situaci\u00f3n actual producida a causa del COVID-19, hemos reflexionado sobre qu\u00e9 puede ser la manera de hacer llegar ORIGEN a toda aquella gente que quiera disfrutar del espect\u00e1culo. Nuestra propuesta es encontrarnos tan pronto como se nos permita, grabar el espect\u00e1culo en directo y reproducirlo en streaming. De este modo apostamos para continuar ofreciendo cultura, dando la oportunidad de ver el espect\u00e1culo desde casa con la singularidad de saber que se est\u00e1 haciendo en aquel preciso instante. Con esta alternativa tambi\u00e9n buscamos crear una conexi\u00f3n m\u00e1s directo con el espectador que podr\u00eda disfrutar del espect\u00e1culo desde diferentes perspectivas visuales y auditivas diferenci\u00e1ndose as\u00ed de la experiencia que vivir\u00eda estando en una sala convencional.<\/p>\n<p><strong>\u00a0<\/strong><\/p>\n<p><strong>Autor\u00eda:<\/strong><\/p>\n<p>Neuma, del griego \u03c0\u03bd\u03b5\u03cd\u03bc\u03b1: alma, aire, esp\u00edritu, aliento.<\/p>\n<p>Neuma es la conexi\u00f3n de cuatro mujeres decididas a descubrir nuevos horizontes y trazar nuevos caminos dentro del mundo de la cultura.<\/p>\n<p>Somos Raquel D\u00edaz, Estela C\u00f3rcoles, Alejandra Villalobos i Anna Pujol, un grupo con m\u00e1s de siete a\u00f1os de trayectoria que anzuelo decidido desmarcarse del mundo de la m\u00fasica cl\u00e1sica de donde provenimos para conectar con el p\u00fablico a trav\u00e9s de actuaciones pr\u00f3ximas y creativas.<\/p>\n<p>Su espect\u00e1culo ORIGEN, que combina la m\u00fasica de su primer \u00e1lbum con escenograf\u00eda, vestuario, movimiento y juego de luces, ha sido recientemente ganador del Concurso de Interpretaci\u00f3n de M\u00fasica de Nueva Creaci\u00f3n Re_cre@ de Rafelbunyol (octubre 2019).<\/p>\n<p>Formadas al ESMUC, han recibido consejos de m\u00fasicos de diferentes estilos y con diferentes bagajes y han participado en diferentes concursos de m\u00fasica de c\u00e1mara de los cuales han recibido varios premios (Festival Internacional de Panticosa (1.\u00ba premio), Concurso El Arjau (1.\u00ba premio), Concurso Internacional de Castilla y Le\u00f3n (2.\u00ba premio), Concurso Josep Mirabent y Magrans (2.\u00ba premio), entre otros).<\/p>\n<p>Han realizado conciertos por Espa\u00f1a y el extranjero con actuaciones en Suiza, B\u00e9lgica, Alemania, Arag\u00f3n, Madrid, Baleares, Val\u00e8ncia, Alicante, Murcia, Castilla y Le\u00f3n, Euskadi y Catalu\u00f1a.<\/p>\n<p>Actualmente Neuma trabaja en un nuevo concepto de espect\u00e1culos interdisciplinars. Por eso, est\u00e1n experimentando, recibiendo formaci\u00f3n y consejos de profesionales de diferentes \u00e1mbitos culturales (teatro, danza, audiovisual, etc) para desarrollar proyectos innovadores y modernos que tengan un impacto positivo a la sociedad.[\/vc_column_text][\/vc_column][\/vc_row]<\/p>\n<\/div>","protected":false},"excerpt":{"rendered":"<p>Or\u00edgen<\/p>\n","protected":false},"author":3,"featured_media":158,"comment_status":"closed","ping_status":"open","sticky":false,"template":"","format":"standard","meta":{"footnotes":""},"categories":[30],"tags":[],"class_list":["post-1228","post","type-post","status-publish","format-standard","has-post-thumbnail","hentry","category-experimentacion-musical","category-30","description-off"],"yoast_head":"<!-- This site is optimized with the Yoast SEO plugin v27.3 - https:\/\/yoast.com\/product\/yoast-seo-wordpress\/ -->\n<title>NEUMA (RAQUEL D\u00cdAZ, ESTELA C\u00d3RCOLES, ALEJANDRA VILLALOBOS Y ANNA PUJOL). Or\u00edgen - Cultura Online<\/title>\n<meta name=\"robots\" content=\"index, follow, max-snippet:-1, max-image-preview:large, max-video-preview:-1\" \/>\n<link rel=\"canonical\" href=\"https:\/\/culturaonline.consorcimuseus.gva.es\/es\/neuma-raquel-diaz-estela-corcoles-alejandra-villalobos-y-anna-pujol\/\" \/>\n<meta property=\"og:locale\" content=\"es_ES\" \/>\n<meta property=\"og:type\" content=\"article\" \/>\n<meta property=\"og:title\" content=\"NEUMA (RAQUEL D\u00cdAZ, ESTELA C\u00d3RCOLES, ALEJANDRA VILLALOBOS Y ANNA PUJOL). Or\u00edgen - Cultura Online\" \/>\n<meta property=\"og:description\" content=\"Or\u00edgen\" \/>\n<meta property=\"og:url\" content=\"https:\/\/culturaonline.consorcimuseus.gva.es\/es\/neuma-raquel-diaz-estela-corcoles-alejandra-villalobos-y-anna-pujol\/\" \/>\n<meta property=\"og:site_name\" content=\"Cultura Online\" \/>\n<meta property=\"article:published_time\" content=\"2020-10-11T05:30:45+00:00\" \/>\n<meta property=\"article:modified_time\" content=\"2020-10-29T12:08:59+00:00\" \/>\n<meta property=\"og:image\" content=\"https:\/\/culturaonline.consorcimuseus.gva.es\/wp-content\/uploads\/2020\/10\/33-experimentacion-musical-foto-raquel-diaz-esquiva.jpg\" \/>\n\t<meta property=\"og:image:width\" content=\"1000\" \/>\n\t<meta property=\"og:image:height\" content=\"667\" \/>\n\t<meta property=\"og:image:type\" content=\"image\/jpeg\" \/>\n<meta name=\"author\" content=\"Cultura Online CMCV\" \/>\n<meta name=\"twitter:card\" content=\"summary_large_image\" \/>\n<meta name=\"twitter:label1\" content=\"Escrito por\" \/>\n\t<meta name=\"twitter:data1\" content=\"Cultura Online CMCV\" \/>\n\t<meta name=\"twitter:label2\" content=\"Tiempo de lectura\" \/>\n\t<meta name=\"twitter:data2\" content=\"3 minutos\" \/>\n<script type=\"application\/ld+json\" class=\"yoast-schema-graph\">{\"@context\":\"https:\\\/\\\/schema.org\",\"@graph\":[{\"@type\":\"Article\",\"@id\":\"https:\\\/\\\/culturaonline.consorcimuseus.gva.es\\\/es\\\/neuma-raquel-diaz-estela-corcoles-alejandra-villalobos-y-anna-pujol\\\/#article\",\"isPartOf\":{\"@id\":\"https:\\\/\\\/culturaonline.consorcimuseus.gva.es\\\/es\\\/neuma-raquel-diaz-estela-corcoles-alejandra-villalobos-y-anna-pujol\\\/\"},\"author\":{\"name\":\"Cultura Online CMCV\",\"@id\":\"https:\\\/\\\/culturaonline.consorcimuseus.gva.es\\\/#\\\/schema\\\/person\\\/71b92be5411063db4a80d60f7b87bedf\"},\"headline\":\"NEUMA (RAQUEL D\u00cdAZ, ESTELA C\u00d3RCOLES, ALEJANDRA VILLALOBOS Y ANNA PUJOL)\",\"datePublished\":\"2020-10-11T05:30:45+00:00\",\"dateModified\":\"2020-10-29T12:08:59+00:00\",\"mainEntityOfPage\":{\"@id\":\"https:\\\/\\\/culturaonline.consorcimuseus.gva.es\\\/es\\\/neuma-raquel-diaz-estela-corcoles-alejandra-villalobos-y-anna-pujol\\\/\"},\"wordCount\":667,\"publisher\":{\"@id\":\"https:\\\/\\\/culturaonline.consorcimuseus.gva.es\\\/#organization\"},\"image\":{\"@id\":\"https:\\\/\\\/culturaonline.consorcimuseus.gva.es\\\/es\\\/neuma-raquel-diaz-estela-corcoles-alejandra-villalobos-y-anna-pujol\\\/#primaryimage\"},\"thumbnailUrl\":\"https:\\\/\\\/culturaonline.consorcimuseus.gva.es\\\/wp-content\\\/uploads\\\/2020\\\/10\\\/33-experimentacion-musical-foto-raquel-diaz-esquiva.jpg\",\"articleSection\":[\"Experimentaci\u00f3n musical\"],\"inLanguage\":\"es\"},{\"@type\":\"WebPage\",\"@id\":\"https:\\\/\\\/culturaonline.consorcimuseus.gva.es\\\/es\\\/neuma-raquel-diaz-estela-corcoles-alejandra-villalobos-y-anna-pujol\\\/\",\"url\":\"https:\\\/\\\/culturaonline.consorcimuseus.gva.es\\\/es\\\/neuma-raquel-diaz-estela-corcoles-alejandra-villalobos-y-anna-pujol\\\/\",\"name\":\"NEUMA (RAQUEL D\u00cdAZ, ESTELA C\u00d3RCOLES, ALEJANDRA VILLALOBOS Y ANNA PUJOL). Or\u00edgen - Cultura Online\",\"isPartOf\":{\"@id\":\"https:\\\/\\\/culturaonline.consorcimuseus.gva.es\\\/#website\"},\"primaryImageOfPage\":{\"@id\":\"https:\\\/\\\/culturaonline.consorcimuseus.gva.es\\\/es\\\/neuma-raquel-diaz-estela-corcoles-alejandra-villalobos-y-anna-pujol\\\/#primaryimage\"},\"image\":{\"@id\":\"https:\\\/\\\/culturaonline.consorcimuseus.gva.es\\\/es\\\/neuma-raquel-diaz-estela-corcoles-alejandra-villalobos-y-anna-pujol\\\/#primaryimage\"},\"thumbnailUrl\":\"https:\\\/\\\/culturaonline.consorcimuseus.gva.es\\\/wp-content\\\/uploads\\\/2020\\\/10\\\/33-experimentacion-musical-foto-raquel-diaz-esquiva.jpg\",\"datePublished\":\"2020-10-11T05:30:45+00:00\",\"dateModified\":\"2020-10-29T12:08:59+00:00\",\"breadcrumb\":{\"@id\":\"https:\\\/\\\/culturaonline.consorcimuseus.gva.es\\\/es\\\/neuma-raquel-diaz-estela-corcoles-alejandra-villalobos-y-anna-pujol\\\/#breadcrumb\"},\"inLanguage\":\"es\",\"potentialAction\":[{\"@type\":\"ReadAction\",\"target\":[\"https:\\\/\\\/culturaonline.consorcimuseus.gva.es\\\/es\\\/neuma-raquel-diaz-estela-corcoles-alejandra-villalobos-y-anna-pujol\\\/\"]}]},{\"@type\":\"ImageObject\",\"inLanguage\":\"es\",\"@id\":\"https:\\\/\\\/culturaonline.consorcimuseus.gva.es\\\/es\\\/neuma-raquel-diaz-estela-corcoles-alejandra-villalobos-y-anna-pujol\\\/#primaryimage\",\"url\":\"https:\\\/\\\/culturaonline.consorcimuseus.gva.es\\\/wp-content\\\/uploads\\\/2020\\\/10\\\/33-experimentacion-musical-foto-raquel-diaz-esquiva.jpg\",\"contentUrl\":\"https:\\\/\\\/culturaonline.consorcimuseus.gva.es\\\/wp-content\\\/uploads\\\/2020\\\/10\\\/33-experimentacion-musical-foto-raquel-diaz-esquiva.jpg\",\"width\":1000,\"height\":667,\"caption\":\"RAQUEL D\u00cdAZ ESQUIVA. Origen\"},{\"@type\":\"BreadcrumbList\",\"@id\":\"https:\\\/\\\/culturaonline.consorcimuseus.gva.es\\\/es\\\/neuma-raquel-diaz-estela-corcoles-alejandra-villalobos-y-anna-pujol\\\/#breadcrumb\",\"itemListElement\":[{\"@type\":\"ListItem\",\"position\":1,\"name\":\"Portada\",\"item\":\"https:\\\/\\\/culturaonline.consorcimuseus.gva.es\\\/es\\\/\"},{\"@type\":\"ListItem\",\"position\":2,\"name\":\"NEUMA (RAQUEL D\u00cdAZ, ESTELA C\u00d3RCOLES, ALEJANDRA VILLALOBOS Y ANNA PUJOL)\"}]},{\"@type\":\"WebSite\",\"@id\":\"https:\\\/\\\/culturaonline.consorcimuseus.gva.es\\\/#website\",\"url\":\"https:\\\/\\\/culturaonline.consorcimuseus.gva.es\\\/\",\"name\":\"Cultura Online\",\"description\":\"\",\"publisher\":{\"@id\":\"https:\\\/\\\/culturaonline.consorcimuseus.gva.es\\\/#organization\"},\"potentialAction\":[{\"@type\":\"SearchAction\",\"target\":{\"@type\":\"EntryPoint\",\"urlTemplate\":\"https:\\\/\\\/culturaonline.consorcimuseus.gva.es\\\/?s={search_term_string}\"},\"query-input\":{\"@type\":\"PropertyValueSpecification\",\"valueRequired\":true,\"valueName\":\"search_term_string\"}}],\"inLanguage\":\"es\"},{\"@type\":\"Organization\",\"@id\":\"https:\\\/\\\/culturaonline.consorcimuseus.gva.es\\\/#organization\",\"name\":\"Consorci de Museus de la Comunitat Valenciana\",\"url\":\"https:\\\/\\\/culturaonline.consorcimuseus.gva.es\\\/\",\"logo\":{\"@type\":\"ImageObject\",\"inLanguage\":\"es\",\"@id\":\"https:\\\/\\\/culturaonline.consorcimuseus.gva.es\\\/#\\\/schema\\\/logo\\\/image\\\/\",\"url\":\"https:\\\/\\\/culturaonline.consorcimuseus.gva.es\\\/wp-content\\\/uploads\\\/2020\\\/10\\\/logo-consorci-museus.jpg\",\"contentUrl\":\"https:\\\/\\\/culturaonline.consorcimuseus.gva.es\\\/wp-content\\\/uploads\\\/2020\\\/10\\\/logo-consorci-museus.jpg\",\"width\":122,\"height\":108,\"caption\":\"Consorci de Museus de la Comunitat Valenciana\"},\"image\":{\"@id\":\"https:\\\/\\\/culturaonline.consorcimuseus.gva.es\\\/#\\\/schema\\\/logo\\\/image\\\/\"}},{\"@type\":\"Person\",\"@id\":\"https:\\\/\\\/culturaonline.consorcimuseus.gva.es\\\/#\\\/schema\\\/person\\\/71b92be5411063db4a80d60f7b87bedf\",\"name\":\"Cultura Online CMCV\",\"image\":{\"@type\":\"ImageObject\",\"inLanguage\":\"es\",\"@id\":\"https:\\\/\\\/secure.gravatar.com\\\/avatar\\\/8206a194875377fd4491e5801b47d4400baf7cc53b4764ffacf6953a9c63e6f5?s=96&d=mm&r=g\",\"url\":\"https:\\\/\\\/secure.gravatar.com\\\/avatar\\\/8206a194875377fd4491e5801b47d4400baf7cc53b4764ffacf6953a9c63e6f5?s=96&d=mm&r=g\",\"contentUrl\":\"https:\\\/\\\/secure.gravatar.com\\\/avatar\\\/8206a194875377fd4491e5801b47d4400baf7cc53b4764ffacf6953a9c63e6f5?s=96&d=mm&r=g\",\"caption\":\"Cultura Online CMCV\"}}]}<\/script>\n<!-- \/ Yoast SEO plugin. -->","yoast_head_json":{"title":"NEUMA (RAQUEL D\u00cdAZ, ESTELA C\u00d3RCOLES, ALEJANDRA VILLALOBOS Y ANNA PUJOL). Or\u00edgen - Cultura Online","robots":{"index":"index","follow":"follow","max-snippet":"max-snippet:-1","max-image-preview":"max-image-preview:large","max-video-preview":"max-video-preview:-1"},"canonical":"https:\/\/culturaonline.consorcimuseus.gva.es\/es\/neuma-raquel-diaz-estela-corcoles-alejandra-villalobos-y-anna-pujol\/","og_locale":"es_ES","og_type":"article","og_title":"NEUMA (RAQUEL D\u00cdAZ, ESTELA C\u00d3RCOLES, ALEJANDRA VILLALOBOS Y ANNA PUJOL). Or\u00edgen - Cultura Online","og_description":"Or\u00edgen","og_url":"https:\/\/culturaonline.consorcimuseus.gva.es\/es\/neuma-raquel-diaz-estela-corcoles-alejandra-villalobos-y-anna-pujol\/","og_site_name":"Cultura Online","article_published_time":"2020-10-11T05:30:45+00:00","article_modified_time":"2020-10-29T12:08:59+00:00","og_image":[{"width":1000,"height":667,"url":"https:\/\/culturaonline.consorcimuseus.gva.es\/wp-content\/uploads\/2020\/10\/33-experimentacion-musical-foto-raquel-diaz-esquiva.jpg","type":"image\/jpeg"}],"author":"Cultura Online CMCV","twitter_card":"summary_large_image","twitter_misc":{"Escrito por":"Cultura Online CMCV","Tiempo de lectura":"3 minutos"},"schema":{"@context":"https:\/\/schema.org","@graph":[{"@type":"Article","@id":"https:\/\/culturaonline.consorcimuseus.gva.es\/es\/neuma-raquel-diaz-estela-corcoles-alejandra-villalobos-y-anna-pujol\/#article","isPartOf":{"@id":"https:\/\/culturaonline.consorcimuseus.gva.es\/es\/neuma-raquel-diaz-estela-corcoles-alejandra-villalobos-y-anna-pujol\/"},"author":{"name":"Cultura Online CMCV","@id":"https:\/\/culturaonline.consorcimuseus.gva.es\/#\/schema\/person\/71b92be5411063db4a80d60f7b87bedf"},"headline":"NEUMA (RAQUEL D\u00cdAZ, ESTELA C\u00d3RCOLES, ALEJANDRA VILLALOBOS Y ANNA PUJOL)","datePublished":"2020-10-11T05:30:45+00:00","dateModified":"2020-10-29T12:08:59+00:00","mainEntityOfPage":{"@id":"https:\/\/culturaonline.consorcimuseus.gva.es\/es\/neuma-raquel-diaz-estela-corcoles-alejandra-villalobos-y-anna-pujol\/"},"wordCount":667,"publisher":{"@id":"https:\/\/culturaonline.consorcimuseus.gva.es\/#organization"},"image":{"@id":"https:\/\/culturaonline.consorcimuseus.gva.es\/es\/neuma-raquel-diaz-estela-corcoles-alejandra-villalobos-y-anna-pujol\/#primaryimage"},"thumbnailUrl":"https:\/\/culturaonline.consorcimuseus.gva.es\/wp-content\/uploads\/2020\/10\/33-experimentacion-musical-foto-raquel-diaz-esquiva.jpg","articleSection":["Experimentaci\u00f3n musical"],"inLanguage":"es"},{"@type":"WebPage","@id":"https:\/\/culturaonline.consorcimuseus.gva.es\/es\/neuma-raquel-diaz-estela-corcoles-alejandra-villalobos-y-anna-pujol\/","url":"https:\/\/culturaonline.consorcimuseus.gva.es\/es\/neuma-raquel-diaz-estela-corcoles-alejandra-villalobos-y-anna-pujol\/","name":"NEUMA (RAQUEL D\u00cdAZ, ESTELA C\u00d3RCOLES, ALEJANDRA VILLALOBOS Y ANNA PUJOL). Or\u00edgen - Cultura Online","isPartOf":{"@id":"https:\/\/culturaonline.consorcimuseus.gva.es\/#website"},"primaryImageOfPage":{"@id":"https:\/\/culturaonline.consorcimuseus.gva.es\/es\/neuma-raquel-diaz-estela-corcoles-alejandra-villalobos-y-anna-pujol\/#primaryimage"},"image":{"@id":"https:\/\/culturaonline.consorcimuseus.gva.es\/es\/neuma-raquel-diaz-estela-corcoles-alejandra-villalobos-y-anna-pujol\/#primaryimage"},"thumbnailUrl":"https:\/\/culturaonline.consorcimuseus.gva.es\/wp-content\/uploads\/2020\/10\/33-experimentacion-musical-foto-raquel-diaz-esquiva.jpg","datePublished":"2020-10-11T05:30:45+00:00","dateModified":"2020-10-29T12:08:59+00:00","breadcrumb":{"@id":"https:\/\/culturaonline.consorcimuseus.gva.es\/es\/neuma-raquel-diaz-estela-corcoles-alejandra-villalobos-y-anna-pujol\/#breadcrumb"},"inLanguage":"es","potentialAction":[{"@type":"ReadAction","target":["https:\/\/culturaonline.consorcimuseus.gva.es\/es\/neuma-raquel-diaz-estela-corcoles-alejandra-villalobos-y-anna-pujol\/"]}]},{"@type":"ImageObject","inLanguage":"es","@id":"https:\/\/culturaonline.consorcimuseus.gva.es\/es\/neuma-raquel-diaz-estela-corcoles-alejandra-villalobos-y-anna-pujol\/#primaryimage","url":"https:\/\/culturaonline.consorcimuseus.gva.es\/wp-content\/uploads\/2020\/10\/33-experimentacion-musical-foto-raquel-diaz-esquiva.jpg","contentUrl":"https:\/\/culturaonline.consorcimuseus.gva.es\/wp-content\/uploads\/2020\/10\/33-experimentacion-musical-foto-raquel-diaz-esquiva.jpg","width":1000,"height":667,"caption":"RAQUEL D\u00cdAZ ESQUIVA. Origen"},{"@type":"BreadcrumbList","@id":"https:\/\/culturaonline.consorcimuseus.gva.es\/es\/neuma-raquel-diaz-estela-corcoles-alejandra-villalobos-y-anna-pujol\/#breadcrumb","itemListElement":[{"@type":"ListItem","position":1,"name":"Portada","item":"https:\/\/culturaonline.consorcimuseus.gva.es\/es\/"},{"@type":"ListItem","position":2,"name":"NEUMA (RAQUEL D\u00cdAZ, ESTELA C\u00d3RCOLES, ALEJANDRA VILLALOBOS Y ANNA PUJOL)"}]},{"@type":"WebSite","@id":"https:\/\/culturaonline.consorcimuseus.gva.es\/#website","url":"https:\/\/culturaonline.consorcimuseus.gva.es\/","name":"Cultura Online","description":"","publisher":{"@id":"https:\/\/culturaonline.consorcimuseus.gva.es\/#organization"},"potentialAction":[{"@type":"SearchAction","target":{"@type":"EntryPoint","urlTemplate":"https:\/\/culturaonline.consorcimuseus.gva.es\/?s={search_term_string}"},"query-input":{"@type":"PropertyValueSpecification","valueRequired":true,"valueName":"search_term_string"}}],"inLanguage":"es"},{"@type":"Organization","@id":"https:\/\/culturaonline.consorcimuseus.gva.es\/#organization","name":"Consorci de Museus de la Comunitat Valenciana","url":"https:\/\/culturaonline.consorcimuseus.gva.es\/","logo":{"@type":"ImageObject","inLanguage":"es","@id":"https:\/\/culturaonline.consorcimuseus.gva.es\/#\/schema\/logo\/image\/","url":"https:\/\/culturaonline.consorcimuseus.gva.es\/wp-content\/uploads\/2020\/10\/logo-consorci-museus.jpg","contentUrl":"https:\/\/culturaonline.consorcimuseus.gva.es\/wp-content\/uploads\/2020\/10\/logo-consorci-museus.jpg","width":122,"height":108,"caption":"Consorci de Museus de la Comunitat Valenciana"},"image":{"@id":"https:\/\/culturaonline.consorcimuseus.gva.es\/#\/schema\/logo\/image\/"}},{"@type":"Person","@id":"https:\/\/culturaonline.consorcimuseus.gva.es\/#\/schema\/person\/71b92be5411063db4a80d60f7b87bedf","name":"Cultura Online CMCV","image":{"@type":"ImageObject","inLanguage":"es","@id":"https:\/\/secure.gravatar.com\/avatar\/8206a194875377fd4491e5801b47d4400baf7cc53b4764ffacf6953a9c63e6f5?s=96&d=mm&r=g","url":"https:\/\/secure.gravatar.com\/avatar\/8206a194875377fd4491e5801b47d4400baf7cc53b4764ffacf6953a9c63e6f5?s=96&d=mm&r=g","contentUrl":"https:\/\/secure.gravatar.com\/avatar\/8206a194875377fd4491e5801b47d4400baf7cc53b4764ffacf6953a9c63e6f5?s=96&d=mm&r=g","caption":"Cultura Online CMCV"}}]}},"_links":{"self":[{"href":"https:\/\/culturaonline.consorcimuseus.gva.es\/es\/wp-json\/wp\/v2\/posts\/1228","targetHints":{"allow":["GET"]}}],"collection":[{"href":"https:\/\/culturaonline.consorcimuseus.gva.es\/es\/wp-json\/wp\/v2\/posts"}],"about":[{"href":"https:\/\/culturaonline.consorcimuseus.gva.es\/es\/wp-json\/wp\/v2\/types\/post"}],"author":[{"embeddable":true,"href":"https:\/\/culturaonline.consorcimuseus.gva.es\/es\/wp-json\/wp\/v2\/users\/3"}],"replies":[{"embeddable":true,"href":"https:\/\/culturaonline.consorcimuseus.gva.es\/es\/wp-json\/wp\/v2\/comments?post=1228"}],"version-history":[{"count":0,"href":"https:\/\/culturaonline.consorcimuseus.gva.es\/es\/wp-json\/wp\/v2\/posts\/1228\/revisions"}],"wp:featuredmedia":[{"embeddable":true,"href":"https:\/\/culturaonline.consorcimuseus.gva.es\/es\/wp-json\/wp\/v2\/media\/158"}],"wp:attachment":[{"href":"https:\/\/culturaonline.consorcimuseus.gva.es\/es\/wp-json\/wp\/v2\/media?parent=1228"}],"wp:term":[{"taxonomy":"category","embeddable":true,"href":"https:\/\/culturaonline.consorcimuseus.gva.es\/es\/wp-json\/wp\/v2\/categories?post=1228"},{"taxonomy":"post_tag","embeddable":true,"href":"https:\/\/culturaonline.consorcimuseus.gva.es\/es\/wp-json\/wp\/v2\/tags?post=1228"}],"curies":[{"name":"wp","href":"https:\/\/api.w.org\/{rel}","templated":true}]}}