{"id":3857,"date":"2023-05-09T09:23:55","date_gmt":"2023-05-09T07:23:55","guid":{"rendered":"https:\/\/culturaonline.consorcimuseus.gva.es\/?p=3857"},"modified":"2023-05-31T08:48:59","modified_gmt":"2023-05-31T06:48:59","slug":"carolina-diego-y-pablo-g-garcia","status":"publish","type":"post","link":"https:\/\/culturaonline.consorcimuseus.gva.es\/es\/carolina-diego-y-pablo-g-garcia\/","title":{"rendered":"CAROLINA DIEGO Y PABLO G. GARC\u00cdA"},"content":{"rendered":"<div class=\"wpb-content-wrapper\"><p>[vc_row el_class=\u00bbtitulo-pagina-custom-container\u00bb][vc_column][vc_column_text css=\u00bb.vc_custom_1602435755553{margin-bottom: 15px !important;}\u00bb el_class=\u00bbtitulo-pagina-custom\u00bb]ARTISTAS[\/vc_column_text][\/vc_column][\/vc_row][vc_row][vc_column][vc_separator color=\u00bbblack\u00bb][\/vc_column][\/vc_row][vc_row][vc_column width=\u00bb1\/3&#8243;][vc_column_text el_class=\u00bbpost-container-titulo-artista\u00bb]<\/p>\n<h3>CAROLINA DIEGO Y PABLO G. GARC\u00cdA<\/h3>\n<p>[\/vc_column_text][vc_column_text el_class=\u00bbpost-container-titulo-proyecto\u00bb css=\u00bb.vc_custom_1683622724353{margin-bottom: 20px !important;}\u00bb]<\/p>\n<h4><em><strong>Los Macguffin<\/strong><\/em><\/h4>\n<p>[\/vc_column_text][vc_empty_space height=\u00bb20px\u00bb][vc_column_text el_class=\u00bbpost-container-datos-proyecto\u00bb]<a href=\"http:\/\/www.losmacguffin.com\" target=\"_blank\" rel=\"noopener\"><span style=\"color: #0000ff;\"><b>Consulta el proyecto &#8216;Los Macguffin\u2019 aqu\u00ed<\/b><\/span><\/a><\/p>\n<p><strong>Conceptos clave:<\/strong> fotonovela, neorrealismo, costumbrismo, humor y collage<\/p>\n<p><strong>Redes sociales &#8216;Los Macguffin&#8217;: <a href=\"https:\/\/www.instagram.com\/losmacguffin\/\" target=\"_blank\" rel=\"noopener\"><span style=\"color: #0000ff;\">Instagram<\/span><\/a> \/ <a href=\"https:\/\/www.facebook.com\/losmacguffin\" target=\"_blank\" rel=\"noopener\"><span style=\"color: #0000ff;\">Facebook<\/span><\/a><\/strong>[\/vc_column_text][vc_column_text]<style type=\"text\/css\" data-key=\"share-buttons-sizes-s-\">.essb_links.essb_size_s .essb_link_svg_icon svg{height:16px;width:auto}.essb_links.essb_size_s .essb_icon{width:30px !important;height:30px !important}.essb_links.essb_size_s .essb_icon:before{font-size:16px !important;top:7px !important;left:7px !important}.essb_links.essb_size_s li a .essb_network_name{font-size:12px !important;font-weight:400 !important;line-height:12px !important}.essb_links.essb_size_s .essb_totalcount_item .essb_t_l_big,.essb_links.essb_size_s .essb_totalcount_item .essb_t_r_big{font-size:16px !important;line-height:16px !important}.essb_links.essb_size_s .essb_totalcount_item .essb_t_l_big .essb_t_nb_after,.essb_links.essb_size_s .essb_totalcount_item .essb_t_r_big .essb_t_nb_after{font-size:9px !important;line-height:9px !important;margin-top:1px !important}.essb_links.essb_size_s .essb_totalcount_item .essb_t_l_big.essb_total_icon:before,.essb_links.essb_size_s .essb_totalcount_item .essb_t_r_big.essb_total_icon:before{font-size:16px !important;line-height:26px !important}<\/style><div class=\"essb_links essb_displayed_shortcode essb_share essb_template_circles-retina essb_1445267357 essb_size_s print-no\" id=\"essb_displayed_shortcode_1445267357\" data-essb-postid=\"3857\" data-essb-position=\"shortcode\" data-essb-button-style=\"icon\" data-essb-template=\"circles-retina\" data-essb-counter-pos=\"hidden\" data-essb-url=\"https:\/\/culturaonline.consorcimuseus.gva.es\/es\/carolina-diego-y-pablo-g-garcia\/\" data-essb-fullurl=\"https:\/\/culturaonline.consorcimuseus.gva.es\/es\/carolina-diego-y-pablo-g-garcia\/\" data-essb-instance=\"1445267357\"><div class=\"essb_message_above_share\">Compartir<\/div><ul class=\"essb_links_list essb_force_hide_name essb_force_hide\"><li class=\"essb_item essb_link_facebook nolightbox essb_link_svg_icon\"> <a href=\"https:\/\/www.facebook.com\/sharer\/sharer.php?u=https%3A%2F%2Fculturaonline.consorcimuseus.gva.es%2Fes%2Fcarolina-diego-y-pablo-g-garcia%2F&t=CAROLINA+DIEGO+Y+PABLO+G.+GARC%C3%8DA\" title=\"Share on Facebook\" onclick=\"essb.window(&#39;https:\/\/www.facebook.com\/sharer\/sharer.php?u=https%3A%2F%2Fculturaonline.consorcimuseus.gva.es%2Fes%2Fcarolina-diego-y-pablo-g-garcia%2F&t=CAROLINA+DIEGO+Y+PABLO+G.+GARC%C3%8DA&#39;,&#39;facebook&#39;,&#39;1445267357&#39;); return false;\" target=\"_blank\" rel=\"noreferrer noopener nofollow\" class=\"nolightbox essb-s-c-facebook essb-s-b-facebook essb-s-bgh-facebook essb-s-ch-light essb-s-bh-facebook essb-s-c-network essb-s-b-network essb-s-bgh-network essb-s-bh-network\" ><span class=\"essb_icon essb_icon_facebook\"><svg class=\"essb-svg-icon essb-svg-icon-facebook\" aria-hidden=\"true\" role=\"img\" focusable=\"false\" xmlns=\"http:\/\/www.w3.org\/2000\/svg\" width=\"16\" height=\"16\" viewBox=\"0 0 16 16\"><path d=\"M16 8.049c0-4.446-3.582-8.05-8-8.05C3.58 0-.002 3.603-.002 8.05c0 4.017 2.926 7.347 6.75 7.951v-5.625h-2.03V8.05H6.75V6.275c0-2.017 1.195-3.131 3.022-3.131.876 0 1.791.157 1.791.157v1.98h-1.009c-.993 0-1.303.621-1.303 1.258v1.51h2.218l-.354 2.326H9.25V16c3.824-.604 6.75-3.934 6.75-7.951\"><\/path><\/svg><\/span><span class=\"essb_network_name essb_noname\"><\/span><\/a><\/li><li class=\"essb_item essb_link_twitter nolightbox essb_link_twitter_x essb_link_svg_icon\"> <a href=\"https:\/\/x.com\/intent\/post?text=CAROLINA%20DIEGO%20Y%20PABLO%20G.%20GARC\u00cdA&amp;url=https%3A%2F%2Fculturaonline.consorcimuseus.gva.es%2Fes%2Fcarolina-diego-y-pablo-g-garcia%2F\" title=\"Share on Twitter\" onclick=\"essb.window(&#39;https:\/\/x.com\/intent\/post?text=CAROLINA%20DIEGO%20Y%20PABLO%20G.%20GARC\u00cdA&amp;url=https%3A%2F%2Fculturaonline.consorcimuseus.gva.es%2Fes%2Fcarolina-diego-y-pablo-g-garcia%2F&#39;,&#39;twitter&#39;,&#39;1445267357&#39;); return false;\" target=\"_blank\" rel=\"noreferrer noopener nofollow\" class=\"nolightbox essb-s-c-twitter essb-s-b-twitter essb-s-bgh-twitter essb-s-ch-light essb-s-bh-twitter essb-s-c-network essb-s-b-network essb-s-bgh-network essb-s-bh-network\" ><span class=\"essb_icon essb_icon_twitter_x\"><svg class=\"essb-svg-icon essb-svg-icon-twitter_x\" aria-hidden=\"true\" role=\"img\" focusable=\"false\" viewBox=\"0 0 24 24\"><path d=\"M18.244 2.25h3.308l-7.227 8.26 8.502 11.24H16.17l-5.214-6.817L4.99 21.75H1.68l7.73-8.835L1.254 2.25H8.08l4.713 6.231zm-1.161 17.52h1.833L7.084 4.126H5.117z\"><\/path><\/svg><\/span><span class=\"essb_network_name essb_noname\"><\/span><\/a><\/li><li class=\"essb_item essb_link_pinterest nolightbox essb_link_svg_icon\"> <a href=\"#\" title=\"Share on Pinterest\" onclick=\"essb.pinterest_picker(&#39;1445267357&#39;); return false;\" target=\"_blank\" rel=\"noreferrer noopener nofollow\" class=\"nolightbox essb-s-c-pinterest essb-s-b-pinterest essb-s-bgh-pinterest essb-s-ch-light essb-s-bh-pinterest essb-s-c-network essb-s-b-network essb-s-bgh-network essb-s-bh-network\" ><span class=\"essb_icon essb_icon_pinterest\"><svg class=\"essb-svg-icon essb-svg-icon-pinterest\" aria-hidden=\"true\" role=\"img\" focusable=\"false\" width=\"32\" height=\"32\" viewBox=\"0 0 32 32\" xmlns=\"http:\/\/www.w3.org\/2000\/svg\"><path d=\"M10.625 12.25c0-1.375 0.313-2.5 1.063-3.438 0.688-0.938 1.563-1.438 2.563-1.438 0.813 0 1.438 0.25 1.875 0.813s0.688 1.25 0.688 2.063c0 0.5-0.125 1.125-0.313 1.813-0.188 0.75-0.375 1.625-0.688 2.563-0.313 1-0.563 1.75-0.688 2.313-0.25 1-0.063 1.875 0.563 2.625 0.625 0.688 1.438 1.063 2.438 1.063 1.75 0 3.188-1 4.313-2.938 1.125-2 1.688-4.375 1.688-7.188 0-2.125-0.688-3.875-2.063-5.25-1.375-1.313-3.313-2-5.813-2-2.813 0-5.063 0.875-6.75 2.688-1.75 1.75-2.625 3.875-2.625 6.375 0 1.5 0.438 2.75 1.25 3.75 0.313 0.313 0.375 0.688 0.313 1.063-0.125 0.313-0.25 0.813-0.375 1.5-0.063 0.25-0.188 0.438-0.375 0.5s-0.375 0.063-0.563 0c-1.313-0.563-2.25-1.438-2.938-2.75s-1-2.813-1-4.5c0-1.125 0.188-2.188 0.563-3.313s0.875-2.188 1.625-3.188c0.75-1.063 1.688-1.938 2.688-2.75 1.063-0.813 2.313-1.438 3.875-1.938 1.5-0.438 3.125-0.688 4.813-0.688 1.813 0 3.438 0.313 4.938 0.938 1.5 0.563 2.813 1.375 3.813 2.375 1.063 1.063 1.813 2.188 2.438 3.5 0.563 1.313 0.875 2.688 0.875 4.063 0 3.75-0.938 6.875-2.875 9.313-1.938 2.5-4.375 3.688-7.375 3.688-1 0-1.938-0.188-2.813-0.688-0.875-0.438-1.5-1-1.875-1.688-0.688 2.938-1.125 4.688-1.313 5.25-0.375 1.438-1.25 3.188-2.688 5.25h-1.313c-0.25-2.563-0.188-4.688 0.188-6.375l2.438-10.313c-0.375-0.813-0.563-1.813-0.563-3.063z\"><\/path><\/svg><\/span><span class=\"essb_network_name essb_noname\"><\/span><\/a><\/li><\/ul><\/div>[\/vc_column_text][\/vc_column][vc_column width=\u00bb2\/3&#8243;]<style type=\"text\/css\" data-type=\"the7_shortcodes-inline-css\">.gallery-carousel-shortcode.gallery-carousel-shortcode-id-126cc3a63d5ffa2208c3d75d83573c1c.owl-carousel .owl-nav div {\n  width: 0px;\n  height: 0px;\n  border-radius: 500px;\n}\n.dt-arrow-border-on.gallery-carousel-shortcode.gallery-carousel-shortcode-id-126cc3a63d5ffa2208c3d75d83573c1c.owl-carousel .owl-nav div:not(:hover):before {\n  border-width: 0px;\n}\n.dt-arrow-hover-border-on.gallery-carousel-shortcode.gallery-carousel-shortcode-id-126cc3a63d5ffa2208c3d75d83573c1c.owl-carousel .owl-nav div:hover:after {\n  border-width: 0px;\n}\n.gallery-carousel-shortcode.gallery-carousel-shortcode-id-126cc3a63d5ffa2208c3d75d83573c1c.owl-carousel .owl-nav div.owl-prev {\n  top: 50%;\n  transform: translateY(calc(-50% + 0px));\n  left: 25px;\n}\n@media all and (-ms-high-contrast: none) {\n  .gallery-carousel-shortcode.gallery-carousel-shortcode-id-126cc3a63d5ffa2208c3d75d83573c1c.owl-carousel .owl-nav div.owl-prev {\n    transform: translateY(-50%);\n    margin-top: 0px;\n  }\n}\n.gallery-carousel-shortcode.gallery-carousel-shortcode-id-126cc3a63d5ffa2208c3d75d83573c1c.owl-carousel .owl-nav div.owl-prev i {\n  padding: 0px 0px 0px 0px;\n}\n.gallery-carousel-shortcode.gallery-carousel-shortcode-id-126cc3a63d5ffa2208c3d75d83573c1c.owl-carousel .owl-nav div.owl-next {\n  top: 50%;\n  transform: translateY(calc(-50% + 0px));\n  right: 25px;\n}\n@media all and (-ms-high-contrast: none) {\n  .gallery-carousel-shortcode.gallery-carousel-shortcode-id-126cc3a63d5ffa2208c3d75d83573c1c.owl-carousel .owl-nav div.owl-next {\n    transform: translateY(-50%);\n    margin-top: 0px;\n  }\n}\n.gallery-carousel-shortcode.gallery-carousel-shortcode-id-126cc3a63d5ffa2208c3d75d83573c1c.owl-carousel .owl-nav div.owl-next i {\n  padding: 0px 0px 0px 0px;\n}\n.gallery-carousel-shortcode.gallery-carousel-shortcode-id-126cc3a63d5ffa2208c3d75d83573c1c.owl-carousel .owl-nav i {\n  font-size: 24px;\n}\n.gallery-carousel-shortcode.gallery-carousel-shortcode-id-126cc3a63d5ffa2208c3d75d83573c1c.owl-carousel .owl-nav div:not(:hover) i,\n.gallery-carousel-shortcode.gallery-carousel-shortcode-id-126cc3a63d5ffa2208c3d75d83573c1c.owl-carousel .owl-nav div:not(:hover) i:before {\n  color: #ffffff;\n  background: none;\n}\n.gallery-carousel-shortcode.gallery-carousel-shortcode-id-126cc3a63d5ffa2208c3d75d83573c1c.owl-carousel .owl-nav div:hover i,\n.gallery-carousel-shortcode.gallery-carousel-shortcode-id-126cc3a63d5ffa2208c3d75d83573c1c.owl-carousel .owl-nav div:hover i:before {\n  color: rgba(255,255,255,0.75);\n  background: none;\n}\n.gallery-carousel-shortcode.gallery-carousel-shortcode-id-126cc3a63d5ffa2208c3d75d83573c1c .owl-dots {\n  top: calc(100% + 20px);\n  left: 50%;\n  transform: translateX(calc(-50% + 0px));\n}\n@media all and (-ms-high-contrast: none) {\n  .gallery-carousel-shortcode.gallery-carousel-shortcode-id-126cc3a63d5ffa2208c3d75d83573c1c .owl-dots {\n    transform: translateX(-50%);\n    margin-left: 0px;\n  }\n}\n.gallery-carousel-shortcode.gallery-carousel-shortcode-id-126cc3a63d5ffa2208c3d75d83573c1c .owl-dot {\n  width: 10px;\n  height: 10px;\n  margin: 0 8px;\n}\n@media screen and (max-width: 778px) {\n  .gallery-carousel-shortcode.gallery-carousel-shortcode-id-126cc3a63d5ffa2208c3d75d83573c1c.hide-arrows .owl-nav a {\n    display: none;\n  }\n}\n@media screen and (max-width: 778px) {\n  .gallery-carousel-shortcode.gallery-carousel-shortcode-id-126cc3a63d5ffa2208c3d75d83573c1c.reposition-arrows .owl-nav .owl-prev {\n    top: 50%;\n    transform: translateY(calc(-50% + 0px));\n    left: 10px;\n  }\n  .gallery-carousel-shortcode.gallery-carousel-shortcode-id-126cc3a63d5ffa2208c3d75d83573c1c.reposition-arrows .owl-nav .owl-next {\n    top: 50%;\n    transform: translateY(calc(-50% + 0px));\n    right: 10px;\n  }\n}\n@media screen and (max-width: 778px) and all and (-ms-high-contrast: none) {\n  .gallery-carousel-shortcode.gallery-carousel-shortcode-id-126cc3a63d5ffa2208c3d75d83573c1c.reposition-arrows .owl-nav .owl-prev {\n    transform: translateY(-50%);\n    margin-top: 0px;\n  }\n}\n@media screen and (max-width: 778px) and all and (-ms-high-contrast: none) {\n  .gallery-carousel-shortcode.gallery-carousel-shortcode-id-126cc3a63d5ffa2208c3d75d83573c1c.reposition-arrows .owl-nav .owl-next {\n    transform: translateY(-50%);\n    margin-top: 0px;\n  }\n}\n.gallery-carousel-shortcode.gallery-carousel-shortcode-id-126cc3a63d5ffa2208c3d75d83573c1c figure,\n.gallery-carousel-shortcode.gallery-carousel-shortcode-id-126cc3a63d5ffa2208c3d75d83573c1c .rollover,\n.gallery-carousel-shortcode.gallery-carousel-shortcode-id-126cc3a63d5ffa2208c3d75d83573c1c img,\n.gallery-carousel-shortcode.gallery-carousel-shortcode-id-126cc3a63d5ffa2208c3d75d83573c1c .gallery-rollover {\n  border-radius: 0px;\n}\n.gallery-carousel-shortcode.gallery-carousel-shortcode-id-126cc3a63d5ffa2208c3d75d83573c1c.enable-bg-rollover .gallery-rollover {\n  background: -webkit-linear-gradient();\n  background: linear-gradient();\n}\n.gallery-carousel-shortcode.gallery-carousel-shortcode-id-126cc3a63d5ffa2208c3d75d83573c1c.enable-img-shadow .owl-stage-outer {\n  padding: 14px 0;\n}\n.gallery-carousel-shortcode.gallery-carousel-shortcode-id-126cc3a63d5ffa2208c3d75d83573c1c.enable-bg-rollover.hover-scale figure .rollover:after {\n  background: -webkit-linear-gradient();\n  background: linear-gradient();\n}\n.gallery-carousel-shortcode.gallery-carousel-shortcode-id-126cc3a63d5ffa2208c3d75d83573c1c.gallery-shortcode .gallery-zoom-ico {\n  width: 44px;\n  height: 44px;\n  line-height: 44px;\n  border-radius: 100px;\n  margin: -22px 0 0 -22px;\n  border-width: 0px;\n}\n.dt-icon-bg-on.gallery-carousel-shortcode.gallery-carousel-shortcode-id-126cc3a63d5ffa2208c3d75d83573c1c.gallery-shortcode .gallery-zoom-ico {\n  background: rgba(255,255,255,0.3);\n  box-shadow: none;\n}\n.gallery-carousel-shortcode.gallery-carousel-shortcode-id-126cc3a63d5ffa2208c3d75d83573c1c.gallery-shortcode .gallery-zoom-ico:before,\n.gallery-carousel-shortcode.gallery-carousel-shortcode-id-126cc3a63d5ffa2208c3d75d83573c1c.gallery-shortcode .gallery-zoom-ico span {\n  font-size: 32px;\n  line-height: 44px;\n  color: #ffffff;\n  background: none;\n}<\/style><div class=\"owl-carousel gallery-carousel-shortcode gallery-shortcode  dt-gallery-container dt-owl-carousel-call gallery-carousel-shortcode-id-126cc3a63d5ffa2208c3d75d83573c1c enable-bg-rollover meta-info-off bullets-small-dot-stroke reposition-arrows dt-icon-bg-off arrows-bg-off disable-arrows-hover-bg arrows-hover-bg-off  hover-fade \" data-scroll-mode=\"1\" data-col-num=\"1\" data-wide-col-num=\"1\" data-laptop-col=\"1\" data-h-tablet-columns-num=\"1\" data-v-tablet-columns-num=\"1\" data-phone-columns-num=\"1\" data-col-gap=\"10\" data-stage-padding=\"0\" data-speed=\"600\" data-autoplay=\"false\" data-autoplay_speed=\"6000\" data-arrows=\"true\" data-bullet=\"false\" data-next-icon=\"icon-ar-021-r\" data-prev-icon=\"icon-ar-021-l\" data-img-shadow-size=\"12px\" data-img-shadow-spread=\"3px\"><div data-post-id=\"6627\" data-date=\"2023-05-31T08:41:30+02:00\" data-name=\"Autores carolina\"><figure class=\"post\"><a href=\"https:\/\/culturaonline.consorcimuseus.gva.es\/wp-content\/uploads\/2023\/05\/Autores-carolina.jpg\" class=\"rollover dt-pswp-item layzr-bg\" data-large_image_width=\"1000\" data-large_image_height=\"667\" data-dt-img-description=\"\" title=\"Autores carolina\"><img fetchpriority=\"high\" decoding=\"async\" class=\"preload-me owl-lazy-load aspect\" src=\"data:image\/svg+xml,%3Csvg%20xmlns%3D&#39;http%3A%2F%2Fwww.w3.org%2F2000%2Fsvg&#39;%20viewBox%3D&#39;0%200%20999%20667&#39;%2F%3E\" data-src=\"https:\/\/culturaonline.consorcimuseus.gva.es\/wp-content\/uploads\/2023\/05\/Autores-carolina.jpg\" data-srcset=\"https:\/\/culturaonline.consorcimuseus.gva.es\/wp-content\/uploads\/2023\/05\/Autores-carolina.jpg 999w\" loading=\"eager\" style=\"--ratio: 999 \/ 667\" sizes=\"(max-width: 999px) 100vw, 999px\" alt=\"\" width=\"999\" height=\"667\"  \/><span class=\"gallery-rollover\"><\/span><\/a><\/figure><\/div><div data-post-id=\"6629\" data-date=\"2023-05-31T08:41:34+02:00\" data-name=\"carolina 2\"><figure class=\"post\"><a href=\"https:\/\/culturaonline.consorcimuseus.gva.es\/wp-content\/uploads\/2023\/05\/carolina-2.jpg\" class=\"rollover dt-pswp-item layzr-bg\" data-large_image_width=\"1000\" data-large_image_height=\"667\" data-dt-img-description=\"\" title=\"carolina 2\"><img decoding=\"async\" class=\"preload-me owl-lazy-load aspect\" src=\"data:image\/svg+xml,%3Csvg%20xmlns%3D&#39;http%3A%2F%2Fwww.w3.org%2F2000%2Fsvg&#39;%20viewBox%3D&#39;0%200%20999%20667&#39;%2F%3E\" data-src=\"https:\/\/culturaonline.consorcimuseus.gva.es\/wp-content\/uploads\/2023\/05\/carolina-2.jpg\" data-srcset=\"https:\/\/culturaonline.consorcimuseus.gva.es\/wp-content\/uploads\/2023\/05\/carolina-2.jpg 999w\" loading=\"eager\" style=\"--ratio: 999 \/ 667\" sizes=\"(max-width: 999px) 100vw, 999px\" alt=\"\" width=\"999\" height=\"667\"  \/><span class=\"gallery-rollover\"><\/span><\/a><\/figure><\/div><div data-post-id=\"6631\" data-date=\"2023-05-31T08:41:37+02:00\" data-name=\"carolina 3\"><figure class=\"post\"><a href=\"https:\/\/culturaonline.consorcimuseus.gva.es\/wp-content\/uploads\/2023\/05\/carolina-3.jpg\" class=\"rollover dt-pswp-item layzr-bg\" data-large_image_width=\"1000\" data-large_image_height=\"667\" data-dt-img-description=\"\" title=\"carolina 3\"><img decoding=\"async\" class=\"preload-me owl-lazy-load aspect\" src=\"data:image\/svg+xml,%3Csvg%20xmlns%3D&#39;http%3A%2F%2Fwww.w3.org%2F2000%2Fsvg&#39;%20viewBox%3D&#39;0%200%20999%20667&#39;%2F%3E\" data-src=\"https:\/\/culturaonline.consorcimuseus.gva.es\/wp-content\/uploads\/2023\/05\/carolina-3.jpg\" data-srcset=\"https:\/\/culturaonline.consorcimuseus.gva.es\/wp-content\/uploads\/2023\/05\/carolina-3.jpg 999w\" loading=\"eager\" style=\"--ratio: 999 \/ 667\" sizes=\"(max-width: 999px) 100vw, 999px\" alt=\"\" width=\"999\" height=\"667\"  \/><span class=\"gallery-rollover\"><\/span><\/a><\/figure><\/div><div data-post-id=\"6633\" data-date=\"2023-05-31T08:41:40+02:00\" data-name=\"catolina 1\"><figure class=\"post\"><a href=\"https:\/\/culturaonline.consorcimuseus.gva.es\/wp-content\/uploads\/2023\/05\/catolina-1.jpg\" class=\"rollover dt-pswp-item layzr-bg\" data-large_image_width=\"1000\" data-large_image_height=\"667\" data-dt-img-description=\"\" title=\"catolina 1\"><img decoding=\"async\" class=\"preload-me owl-lazy-load aspect\" src=\"data:image\/svg+xml,%3Csvg%20xmlns%3D&#39;http%3A%2F%2Fwww.w3.org%2F2000%2Fsvg&#39;%20viewBox%3D&#39;0%200%20999%20667&#39;%2F%3E\" data-src=\"https:\/\/culturaonline.consorcimuseus.gva.es\/wp-content\/uploads\/2023\/05\/catolina-1.jpg\" data-srcset=\"https:\/\/culturaonline.consorcimuseus.gva.es\/wp-content\/uploads\/2023\/05\/catolina-1.jpg 999w\" loading=\"eager\" style=\"--ratio: 999 \/ 667\" sizes=\"(max-width: 999px) 100vw, 999px\" alt=\"\" width=\"999\" height=\"667\"  \/><span class=\"gallery-rollover\"><\/span><\/a><\/figure><\/div><\/div>[vc_empty_space height=\u00bb20px\u00bb][vc_column_text]<\/p>\n<p style=\"text-align: left;\"><strong>Resumen del proyecto<\/strong><\/p>\n<p><strong>Los MacGuffin<\/strong>\u00a0son una pareja de desecho, un medio pomelo el uno para el otro, un roto para un descosido, v\u00edctimas de su tiempo y hu\u00e9rfanos de futuro. La se\u00f1ora MacGuffin, <strong>Carolina Diego<\/strong>, es fot\u00f3grafa, y el se\u00f1or MacGuffin, <strong>Pablo G. Garc\u00eda<\/strong>, escritor. De la uni\u00f3n de esta sinergia y desprop\u00f3sito nacen estas desventuras. La fotonovela costumbrista, neorrealista y surrealista cuenta su vida en pareja. Utilizando la t\u00e9cnica del collage fotogr\u00e1fico hace una revisi\u00f3n del g\u00e9nero desde el humor gr\u00e1fico. Inspirado en &#8216;Los Roper&#8217; o c\u00f3mics como &#8216;Mafalda&#8217; o &#8217;13, rue del percebe&#8217;, sus historias son cotidianas pero no por ello menos extraordinarias.<\/p>\n<p>Ubicada en Alicante, es un relato humor\u00edstico de la forma de vida de la ciudad, sus usos y costumbres; una cr\u00f3nica de la actualidad. A su vez, pretende ser un espejo de la sociedad actual, si bien un espejo unas veces c\u00f3ncavo y otras convexo, que refleja y deforma las relaciones de pareja, de amistad o vecinales del presente.<\/p>\n<p>En el transcurso de los distintos cap\u00edtulos se recorre la ciudad en un trayecto transversal que va de lo privado a lo p\u00fablico descubriendo y reconociendo espacios comunes y no tan comunes.\u00a0Este proyecto explora la cultura alicantina as\u00ed como la cultura art\u00edstica en boca de sus protagonistas, al ser una fot\u00f3grafa y el otro escritor. Mediante la revisi\u00f3n del formato en desuso de la fotonovela, los autores pretenden reflexionar sobre diversos temas tanto concretos como universales desde su propio universo.[\/vc_column_text][vc_empty_space height=\u00bb20px\u00bb][vc_column_text]<\/p>\n<p style=\"text-align: left;\"><strong>Autor\u00eda<\/strong><\/p>\n<p><strong>Carolina Diego<\/strong> nace en Alicante en el seno de una familia de feriantes. Estudia Fotograf\u00eda Anal\u00f3gica y T\u00e9cnicas de Laboratorio all\u00e1 cuando Ni\u00e9pce andaba con sus inventos. Luego cursa Fotograf\u00eda avanzada y el Master de Photoalicante en Proyectos de Autor y Fotograf\u00eda Contempor\u00e1nea, impartidos en la Escuela Mistos. Asimismo estudia todos esos programas inform\u00e1ticos obra del demonio. Tiene en su haber numerosos trabajo de dudosa calidad y ha conseguido enga\u00f1ar al personal para hacer no pocas exposiciones en Alicante, Castell\u00f3n o Miami.<\/p>\n<p><strong>Pablo G. Garc\u00eda<\/strong> nace en los Madriles pero es hijo adoptivo de La Terreta, Alicante. Cursa estudios de Derecho y de Administraci\u00f3n y Finanzas. Exiliado econ\u00f3mico unos a\u00f1os en Dubl\u00edn debido a la pu\u00f1etera crisis, sobrevive all\u00ed gracias a su talento para la m\u00edmica y es feliz a pesar del clima, el idioma y la comida. Compagina trabajos de machaca con su afici\u00f3n por la literatura. Escritor fracasado y poetastro de baja prosa, su \u00fanica ambici\u00f3n en la vida es vivir del cuento.[\/vc_column_text][vc_empty_space height=\u00bb20px\u00bb][\/vc_column][\/vc_row]<\/p>\n<\/div>","protected":false},"excerpt":{"rendered":"<p>Los Macguffin<\/p>\n","protected":false},"author":3,"featured_media":6627,"comment_status":"closed","ping_status":"open","sticky":false,"template":"","format":"standard","meta":{"footnotes":""},"categories":[49],"tags":[],"class_list":["post-3857","post","type-post","status-publish","format-standard","has-post-thumbnail","hentry","category-ecos-y-reflejos-de-una-sociedad-precaria","category-49","description-off"],"yoast_head":"<!-- This site is optimized with the Yoast SEO plugin v27.3 - https:\/\/yoast.com\/product\/yoast-seo-wordpress\/ -->\n<title>CAROLINA DIEGO Y PABLO G. GARC\u00cdA. Los Macguffin - Cultura Online<\/title>\n<meta name=\"robots\" content=\"index, follow, max-snippet:-1, max-image-preview:large, max-video-preview:-1\" \/>\n<link rel=\"canonical\" href=\"https:\/\/culturaonline.consorcimuseus.gva.es\/es\/carolina-diego-y-pablo-g-garcia\/\" \/>\n<meta property=\"og:locale\" content=\"es_ES\" \/>\n<meta property=\"og:type\" content=\"article\" \/>\n<meta property=\"og:title\" content=\"CAROLINA DIEGO Y PABLO G. GARC\u00cdA. Los Macguffin - Cultura Online\" \/>\n<meta property=\"og:description\" content=\"Los Macguffin\" \/>\n<meta property=\"og:url\" content=\"https:\/\/culturaonline.consorcimuseus.gva.es\/es\/carolina-diego-y-pablo-g-garcia\/\" \/>\n<meta property=\"og:site_name\" content=\"Cultura Online\" \/>\n<meta property=\"article:published_time\" content=\"2023-05-09T07:23:55+00:00\" \/>\n<meta property=\"article:modified_time\" content=\"2023-05-31T06:48:59+00:00\" \/>\n<meta property=\"og:image\" content=\"https:\/\/culturaonline.consorcimuseus.gva.es\/wp-content\/uploads\/2023\/05\/Autores-carolina.jpg\" \/>\n\t<meta property=\"og:image:width\" content=\"1000\" \/>\n\t<meta property=\"og:image:height\" content=\"667\" \/>\n\t<meta property=\"og:image:type\" content=\"image\/jpeg\" \/>\n<meta name=\"author\" content=\"Cultura Online CMCV\" \/>\n<meta name=\"twitter:card\" content=\"summary_large_image\" \/>\n<meta name=\"twitter:label1\" content=\"Escrito por\" \/>\n\t<meta name=\"twitter:data1\" content=\"Cultura Online CMCV\" \/>\n\t<meta name=\"twitter:label2\" content=\"Tiempo de lectura\" \/>\n\t<meta name=\"twitter:data2\" content=\"3 minutos\" \/>\n<script type=\"application\/ld+json\" class=\"yoast-schema-graph\">{\"@context\":\"https:\\\/\\\/schema.org\",\"@graph\":[{\"@type\":\"Article\",\"@id\":\"https:\\\/\\\/culturaonline.consorcimuseus.gva.es\\\/es\\\/carolina-diego-y-pablo-g-garcia\\\/#article\",\"isPartOf\":{\"@id\":\"https:\\\/\\\/culturaonline.consorcimuseus.gva.es\\\/es\\\/carolina-diego-y-pablo-g-garcia\\\/\"},\"author\":{\"name\":\"Cultura Online CMCV\",\"@id\":\"https:\\\/\\\/culturaonline.consorcimuseus.gva.es\\\/#\\\/schema\\\/person\\\/71b92be5411063db4a80d60f7b87bedf\"},\"headline\":\"CAROLINA DIEGO Y PABLO G. GARC\u00cdA\",\"datePublished\":\"2023-05-09T07:23:55+00:00\",\"dateModified\":\"2023-05-31T06:48:59+00:00\",\"mainEntityOfPage\":{\"@id\":\"https:\\\/\\\/culturaonline.consorcimuseus.gva.es\\\/es\\\/carolina-diego-y-pablo-g-garcia\\\/\"},\"wordCount\":736,\"publisher\":{\"@id\":\"https:\\\/\\\/culturaonline.consorcimuseus.gva.es\\\/#organization\"},\"image\":{\"@id\":\"https:\\\/\\\/culturaonline.consorcimuseus.gva.es\\\/es\\\/carolina-diego-y-pablo-g-garcia\\\/#primaryimage\"},\"thumbnailUrl\":\"https:\\\/\\\/culturaonline.consorcimuseus.gva.es\\\/wp-content\\\/uploads\\\/2023\\\/05\\\/Autores-carolina.jpg\",\"articleSection\":[\"Ecos y reflejos de una sociedad precaria\"],\"inLanguage\":\"es\"},{\"@type\":\"WebPage\",\"@id\":\"https:\\\/\\\/culturaonline.consorcimuseus.gva.es\\\/es\\\/carolina-diego-y-pablo-g-garcia\\\/\",\"url\":\"https:\\\/\\\/culturaonline.consorcimuseus.gva.es\\\/es\\\/carolina-diego-y-pablo-g-garcia\\\/\",\"name\":\"CAROLINA DIEGO Y PABLO G. GARC\u00cdA. Los Macguffin - Cultura Online\",\"isPartOf\":{\"@id\":\"https:\\\/\\\/culturaonline.consorcimuseus.gva.es\\\/#website\"},\"primaryImageOfPage\":{\"@id\":\"https:\\\/\\\/culturaonline.consorcimuseus.gva.es\\\/es\\\/carolina-diego-y-pablo-g-garcia\\\/#primaryimage\"},\"image\":{\"@id\":\"https:\\\/\\\/culturaonline.consorcimuseus.gva.es\\\/es\\\/carolina-diego-y-pablo-g-garcia\\\/#primaryimage\"},\"thumbnailUrl\":\"https:\\\/\\\/culturaonline.consorcimuseus.gva.es\\\/wp-content\\\/uploads\\\/2023\\\/05\\\/Autores-carolina.jpg\",\"datePublished\":\"2023-05-09T07:23:55+00:00\",\"dateModified\":\"2023-05-31T06:48:59+00:00\",\"breadcrumb\":{\"@id\":\"https:\\\/\\\/culturaonline.consorcimuseus.gva.es\\\/es\\\/carolina-diego-y-pablo-g-garcia\\\/#breadcrumb\"},\"inLanguage\":\"es\",\"potentialAction\":[{\"@type\":\"ReadAction\",\"target\":[\"https:\\\/\\\/culturaonline.consorcimuseus.gva.es\\\/es\\\/carolina-diego-y-pablo-g-garcia\\\/\"]}]},{\"@type\":\"ImageObject\",\"inLanguage\":\"es\",\"@id\":\"https:\\\/\\\/culturaonline.consorcimuseus.gva.es\\\/es\\\/carolina-diego-y-pablo-g-garcia\\\/#primaryimage\",\"url\":\"https:\\\/\\\/culturaonline.consorcimuseus.gva.es\\\/wp-content\\\/uploads\\\/2023\\\/05\\\/Autores-carolina.jpg\",\"contentUrl\":\"https:\\\/\\\/culturaonline.consorcimuseus.gva.es\\\/wp-content\\\/uploads\\\/2023\\\/05\\\/Autores-carolina.jpg\",\"width\":1000,\"height\":667},{\"@type\":\"BreadcrumbList\",\"@id\":\"https:\\\/\\\/culturaonline.consorcimuseus.gva.es\\\/es\\\/carolina-diego-y-pablo-g-garcia\\\/#breadcrumb\",\"itemListElement\":[{\"@type\":\"ListItem\",\"position\":1,\"name\":\"Portada\",\"item\":\"https:\\\/\\\/culturaonline.consorcimuseus.gva.es\\\/es\\\/\"},{\"@type\":\"ListItem\",\"position\":2,\"name\":\"false\"}]},{\"@type\":\"WebSite\",\"@id\":\"https:\\\/\\\/culturaonline.consorcimuseus.gva.es\\\/#website\",\"url\":\"https:\\\/\\\/culturaonline.consorcimuseus.gva.es\\\/\",\"name\":\"Cultura Online\",\"description\":\"\",\"publisher\":{\"@id\":\"https:\\\/\\\/culturaonline.consorcimuseus.gva.es\\\/#organization\"},\"potentialAction\":[{\"@type\":\"SearchAction\",\"target\":{\"@type\":\"EntryPoint\",\"urlTemplate\":\"https:\\\/\\\/culturaonline.consorcimuseus.gva.es\\\/?s={search_term_string}\"},\"query-input\":{\"@type\":\"PropertyValueSpecification\",\"valueRequired\":true,\"valueName\":\"search_term_string\"}}],\"inLanguage\":\"es\"},{\"@type\":\"Organization\",\"@id\":\"https:\\\/\\\/culturaonline.consorcimuseus.gva.es\\\/#organization\",\"name\":\"Consorci de Museus de la Comunitat Valenciana\",\"url\":\"https:\\\/\\\/culturaonline.consorcimuseus.gva.es\\\/\",\"logo\":{\"@type\":\"ImageObject\",\"inLanguage\":\"es\",\"@id\":\"https:\\\/\\\/culturaonline.consorcimuseus.gva.es\\\/#\\\/schema\\\/logo\\\/image\\\/\",\"url\":\"https:\\\/\\\/culturaonline.consorcimuseus.gva.es\\\/wp-content\\\/uploads\\\/2020\\\/10\\\/logo-consorci-museus.jpg\",\"contentUrl\":\"https:\\\/\\\/culturaonline.consorcimuseus.gva.es\\\/wp-content\\\/uploads\\\/2020\\\/10\\\/logo-consorci-museus.jpg\",\"width\":122,\"height\":108,\"caption\":\"Consorci de Museus de la Comunitat Valenciana\"},\"image\":{\"@id\":\"https:\\\/\\\/culturaonline.consorcimuseus.gva.es\\\/#\\\/schema\\\/logo\\\/image\\\/\"}},{\"@type\":\"Person\",\"@id\":\"https:\\\/\\\/culturaonline.consorcimuseus.gva.es\\\/#\\\/schema\\\/person\\\/71b92be5411063db4a80d60f7b87bedf\",\"name\":\"Cultura Online CMCV\",\"image\":{\"@type\":\"ImageObject\",\"inLanguage\":\"es\",\"@id\":\"https:\\\/\\\/secure.gravatar.com\\\/avatar\\\/8206a194875377fd4491e5801b47d4400baf7cc53b4764ffacf6953a9c63e6f5?s=96&d=mm&r=g\",\"url\":\"https:\\\/\\\/secure.gravatar.com\\\/avatar\\\/8206a194875377fd4491e5801b47d4400baf7cc53b4764ffacf6953a9c63e6f5?s=96&d=mm&r=g\",\"contentUrl\":\"https:\\\/\\\/secure.gravatar.com\\\/avatar\\\/8206a194875377fd4491e5801b47d4400baf7cc53b4764ffacf6953a9c63e6f5?s=96&d=mm&r=g\",\"caption\":\"Cultura Online CMCV\"}}]}<\/script>\n<!-- \/ Yoast SEO plugin. -->","yoast_head_json":{"title":"CAROLINA DIEGO Y PABLO G. GARC\u00cdA. Los Macguffin - Cultura Online","robots":{"index":"index","follow":"follow","max-snippet":"max-snippet:-1","max-image-preview":"max-image-preview:large","max-video-preview":"max-video-preview:-1"},"canonical":"https:\/\/culturaonline.consorcimuseus.gva.es\/es\/carolina-diego-y-pablo-g-garcia\/","og_locale":"es_ES","og_type":"article","og_title":"CAROLINA DIEGO Y PABLO G. GARC\u00cdA. Los Macguffin - Cultura Online","og_description":"Los Macguffin","og_url":"https:\/\/culturaonline.consorcimuseus.gva.es\/es\/carolina-diego-y-pablo-g-garcia\/","og_site_name":"Cultura Online","article_published_time":"2023-05-09T07:23:55+00:00","article_modified_time":"2023-05-31T06:48:59+00:00","og_image":[{"width":1000,"height":667,"url":"https:\/\/culturaonline.consorcimuseus.gva.es\/wp-content\/uploads\/2023\/05\/Autores-carolina.jpg","type":"image\/jpeg"}],"author":"Cultura Online CMCV","twitter_card":"summary_large_image","twitter_misc":{"Escrito por":"Cultura Online CMCV","Tiempo de lectura":"3 minutos"},"schema":{"@context":"https:\/\/schema.org","@graph":[{"@type":"Article","@id":"https:\/\/culturaonline.consorcimuseus.gva.es\/es\/carolina-diego-y-pablo-g-garcia\/#article","isPartOf":{"@id":"https:\/\/culturaonline.consorcimuseus.gva.es\/es\/carolina-diego-y-pablo-g-garcia\/"},"author":{"name":"Cultura Online CMCV","@id":"https:\/\/culturaonline.consorcimuseus.gva.es\/#\/schema\/person\/71b92be5411063db4a80d60f7b87bedf"},"headline":"CAROLINA DIEGO Y PABLO G. GARC\u00cdA","datePublished":"2023-05-09T07:23:55+00:00","dateModified":"2023-05-31T06:48:59+00:00","mainEntityOfPage":{"@id":"https:\/\/culturaonline.consorcimuseus.gva.es\/es\/carolina-diego-y-pablo-g-garcia\/"},"wordCount":736,"publisher":{"@id":"https:\/\/culturaonline.consorcimuseus.gva.es\/#organization"},"image":{"@id":"https:\/\/culturaonline.consorcimuseus.gva.es\/es\/carolina-diego-y-pablo-g-garcia\/#primaryimage"},"thumbnailUrl":"https:\/\/culturaonline.consorcimuseus.gva.es\/wp-content\/uploads\/2023\/05\/Autores-carolina.jpg","articleSection":["Ecos y reflejos de una sociedad precaria"],"inLanguage":"es"},{"@type":"WebPage","@id":"https:\/\/culturaonline.consorcimuseus.gva.es\/es\/carolina-diego-y-pablo-g-garcia\/","url":"https:\/\/culturaonline.consorcimuseus.gva.es\/es\/carolina-diego-y-pablo-g-garcia\/","name":"CAROLINA DIEGO Y PABLO G. GARC\u00cdA. Los Macguffin - Cultura Online","isPartOf":{"@id":"https:\/\/culturaonline.consorcimuseus.gva.es\/#website"},"primaryImageOfPage":{"@id":"https:\/\/culturaonline.consorcimuseus.gva.es\/es\/carolina-diego-y-pablo-g-garcia\/#primaryimage"},"image":{"@id":"https:\/\/culturaonline.consorcimuseus.gva.es\/es\/carolina-diego-y-pablo-g-garcia\/#primaryimage"},"thumbnailUrl":"https:\/\/culturaonline.consorcimuseus.gva.es\/wp-content\/uploads\/2023\/05\/Autores-carolina.jpg","datePublished":"2023-05-09T07:23:55+00:00","dateModified":"2023-05-31T06:48:59+00:00","breadcrumb":{"@id":"https:\/\/culturaonline.consorcimuseus.gva.es\/es\/carolina-diego-y-pablo-g-garcia\/#breadcrumb"},"inLanguage":"es","potentialAction":[{"@type":"ReadAction","target":["https:\/\/culturaonline.consorcimuseus.gva.es\/es\/carolina-diego-y-pablo-g-garcia\/"]}]},{"@type":"ImageObject","inLanguage":"es","@id":"https:\/\/culturaonline.consorcimuseus.gva.es\/es\/carolina-diego-y-pablo-g-garcia\/#primaryimage","url":"https:\/\/culturaonline.consorcimuseus.gva.es\/wp-content\/uploads\/2023\/05\/Autores-carolina.jpg","contentUrl":"https:\/\/culturaonline.consorcimuseus.gva.es\/wp-content\/uploads\/2023\/05\/Autores-carolina.jpg","width":1000,"height":667},{"@type":"BreadcrumbList","@id":"https:\/\/culturaonline.consorcimuseus.gva.es\/es\/carolina-diego-y-pablo-g-garcia\/#breadcrumb","itemListElement":[{"@type":"ListItem","position":1,"name":"Portada","item":"https:\/\/culturaonline.consorcimuseus.gva.es\/es\/"},{"@type":"ListItem","position":2,"name":"false"}]},{"@type":"WebSite","@id":"https:\/\/culturaonline.consorcimuseus.gva.es\/#website","url":"https:\/\/culturaonline.consorcimuseus.gva.es\/","name":"Cultura Online","description":"","publisher":{"@id":"https:\/\/culturaonline.consorcimuseus.gva.es\/#organization"},"potentialAction":[{"@type":"SearchAction","target":{"@type":"EntryPoint","urlTemplate":"https:\/\/culturaonline.consorcimuseus.gva.es\/?s={search_term_string}"},"query-input":{"@type":"PropertyValueSpecification","valueRequired":true,"valueName":"search_term_string"}}],"inLanguage":"es"},{"@type":"Organization","@id":"https:\/\/culturaonline.consorcimuseus.gva.es\/#organization","name":"Consorci de Museus de la Comunitat Valenciana","url":"https:\/\/culturaonline.consorcimuseus.gva.es\/","logo":{"@type":"ImageObject","inLanguage":"es","@id":"https:\/\/culturaonline.consorcimuseus.gva.es\/#\/schema\/logo\/image\/","url":"https:\/\/culturaonline.consorcimuseus.gva.es\/wp-content\/uploads\/2020\/10\/logo-consorci-museus.jpg","contentUrl":"https:\/\/culturaonline.consorcimuseus.gva.es\/wp-content\/uploads\/2020\/10\/logo-consorci-museus.jpg","width":122,"height":108,"caption":"Consorci de Museus de la Comunitat Valenciana"},"image":{"@id":"https:\/\/culturaonline.consorcimuseus.gva.es\/#\/schema\/logo\/image\/"}},{"@type":"Person","@id":"https:\/\/culturaonline.consorcimuseus.gva.es\/#\/schema\/person\/71b92be5411063db4a80d60f7b87bedf","name":"Cultura Online CMCV","image":{"@type":"ImageObject","inLanguage":"es","@id":"https:\/\/secure.gravatar.com\/avatar\/8206a194875377fd4491e5801b47d4400baf7cc53b4764ffacf6953a9c63e6f5?s=96&d=mm&r=g","url":"https:\/\/secure.gravatar.com\/avatar\/8206a194875377fd4491e5801b47d4400baf7cc53b4764ffacf6953a9c63e6f5?s=96&d=mm&r=g","contentUrl":"https:\/\/secure.gravatar.com\/avatar\/8206a194875377fd4491e5801b47d4400baf7cc53b4764ffacf6953a9c63e6f5?s=96&d=mm&r=g","caption":"Cultura Online CMCV"}}]}},"_links":{"self":[{"href":"https:\/\/culturaonline.consorcimuseus.gva.es\/es\/wp-json\/wp\/v2\/posts\/3857","targetHints":{"allow":["GET"]}}],"collection":[{"href":"https:\/\/culturaonline.consorcimuseus.gva.es\/es\/wp-json\/wp\/v2\/posts"}],"about":[{"href":"https:\/\/culturaonline.consorcimuseus.gva.es\/es\/wp-json\/wp\/v2\/types\/post"}],"author":[{"embeddable":true,"href":"https:\/\/culturaonline.consorcimuseus.gva.es\/es\/wp-json\/wp\/v2\/users\/3"}],"replies":[{"embeddable":true,"href":"https:\/\/culturaonline.consorcimuseus.gva.es\/es\/wp-json\/wp\/v2\/comments?post=3857"}],"version-history":[{"count":0,"href":"https:\/\/culturaonline.consorcimuseus.gva.es\/es\/wp-json\/wp\/v2\/posts\/3857\/revisions"}],"wp:featuredmedia":[{"embeddable":true,"href":"https:\/\/culturaonline.consorcimuseus.gva.es\/es\/wp-json\/wp\/v2\/media\/6627"}],"wp:attachment":[{"href":"https:\/\/culturaonline.consorcimuseus.gva.es\/es\/wp-json\/wp\/v2\/media?parent=3857"}],"wp:term":[{"taxonomy":"category","embeddable":true,"href":"https:\/\/culturaonline.consorcimuseus.gva.es\/es\/wp-json\/wp\/v2\/categories?post=3857"},{"taxonomy":"post_tag","embeddable":true,"href":"https:\/\/culturaonline.consorcimuseus.gva.es\/es\/wp-json\/wp\/v2\/tags?post=3857"}],"curies":[{"name":"wp","href":"https:\/\/api.w.org\/{rel}","templated":true}]}}