{"id":3864,"date":"2023-05-09T09:26:26","date_gmt":"2023-05-09T07:26:26","guid":{"rendered":"https:\/\/culturaonline.consorcimuseus.gva.es\/?p=3864"},"modified":"2023-05-31T08:56:16","modified_gmt":"2023-05-31T06:56:16","slug":"foria-producciones","status":"publish","type":"post","link":"https:\/\/culturaonline.consorcimuseus.gva.es\/es\/foria-producciones\/","title":{"rendered":"FORIA PRODUCCIONES"},"content":{"rendered":"<div class=\"wpb-content-wrapper\"><p>[vc_row el_class=\u00bbtitulo-pagina-custom-container\u00bb][vc_column][vc_column_text css=\u00bb.vc_custom_1602435755553{margin-bottom: 15px !important;}\u00bb el_class=\u00bbtitulo-pagina-custom\u00bb]ARTISTAS[\/vc_column_text][\/vc_column][\/vc_row][vc_row][vc_column][vc_separator color=\u00bbblack\u00bb][\/vc_column][\/vc_row][vc_row][vc_column width=\u00bb1\/3&#8243;][vc_column_text el_class=\u00bbpost-container-titulo-artista\u00bb]<\/p>\n<h3>FORIA PRODUCCIONES<\/h3>\n<p>[\/vc_column_text][vc_column_text el_class=\u00bbpost-container-titulo-proyecto\u00bb css=\u00bb.vc_custom_1683625596514{margin-bottom: 20px !important;}\u00bb]<\/p>\n<h4><em><strong>#Z: Retrato semificcionado de una generaci\u00f3n<\/strong><\/em><\/h4>\n<p>[\/vc_column_text][vc_empty_space height=\u00bb20px\u00bb][vc_column_text el_class=\u00bbpost-container-datos-proyecto\u00bb]<a href=\"https:\/\/www.youtube.com\/watch?v=Vqk-bOHHK-A\" target=\"_blank\" rel=\"noopener\"><span style=\"color: #0000ff;\"><b>Consulta el proyecto &#8216;#Z: Retrato semificcionado de una generaci\u00f3n\u2019 aqu\u00ed<\/b><\/span><\/a><\/p>\n<p><strong>Conceptos clave:<\/strong> cortometraje, documental, inquietudes, perspectivas y generaci\u00f3n Z<\/p>\n<p><strong>Redes sociales Foria Producciones: <a href=\"https:\/\/www.instagram.com\/foriaproducciones\/\" target=\"_blank\" rel=\"noopener\"><span style=\"color: #0000ff;\">Instagram<\/span><\/a>\u00a0<\/strong><\/p>\n<p><strong>Redes sociales &#8216;#Z: Retrato semificcionado de una generaci\u00f3n&#8217;: <a href=\"https:\/\/www.instagram.com\/somoszetas\/\" target=\"_blank\" rel=\"noopener\"><span style=\"color: #0000ff;\">Instagram<\/span><\/a><\/strong>[\/vc_column_text][vc_column_text]<style type=\"text\/css\" data-key=\"share-buttons-sizes-s-\">.essb_links.essb_size_s .essb_link_svg_icon svg{height:16px;width:auto}.essb_links.essb_size_s .essb_icon{width:30px !important;height:30px !important}.essb_links.essb_size_s .essb_icon:before{font-size:16px !important;top:7px !important;left:7px !important}.essb_links.essb_size_s li a .essb_network_name{font-size:12px !important;font-weight:400 !important;line-height:12px !important}.essb_links.essb_size_s .essb_totalcount_item .essb_t_l_big,.essb_links.essb_size_s .essb_totalcount_item .essb_t_r_big{font-size:16px !important;line-height:16px !important}.essb_links.essb_size_s .essb_totalcount_item .essb_t_l_big .essb_t_nb_after,.essb_links.essb_size_s .essb_totalcount_item .essb_t_r_big .essb_t_nb_after{font-size:9px !important;line-height:9px !important;margin-top:1px !important}.essb_links.essb_size_s .essb_totalcount_item .essb_t_l_big.essb_total_icon:before,.essb_links.essb_size_s .essb_totalcount_item .essb_t_r_big.essb_total_icon:before{font-size:16px !important;line-height:26px !important}<\/style><div class=\"essb_links essb_displayed_shortcode essb_share essb_template_circles-retina essb_1518051174 essb_size_s print-no\" id=\"essb_displayed_shortcode_1518051174\" data-essb-postid=\"3864\" data-essb-position=\"shortcode\" data-essb-button-style=\"icon\" data-essb-template=\"circles-retina\" data-essb-counter-pos=\"hidden\" data-essb-url=\"https:\/\/culturaonline.consorcimuseus.gva.es\/es\/foria-producciones\/\" data-essb-fullurl=\"https:\/\/culturaonline.consorcimuseus.gva.es\/es\/foria-producciones\/\" data-essb-instance=\"1518051174\"><div class=\"essb_message_above_share\">Compartir<\/div><ul class=\"essb_links_list essb_force_hide_name essb_force_hide\"><li class=\"essb_item essb_link_facebook nolightbox essb_link_svg_icon\"> <a href=\"https:\/\/www.facebook.com\/sharer\/sharer.php?u=https%3A%2F%2Fculturaonline.consorcimuseus.gva.es%2Fes%2Fforia-producciones%2F&t=FORIA+PRODUCCIONES\" title=\"Share on Facebook\" onclick=\"essb.window(&#39;https:\/\/www.facebook.com\/sharer\/sharer.php?u=https%3A%2F%2Fculturaonline.consorcimuseus.gva.es%2Fes%2Fforia-producciones%2F&t=FORIA+PRODUCCIONES&#39;,&#39;facebook&#39;,&#39;1518051174&#39;); return false;\" target=\"_blank\" rel=\"noreferrer noopener nofollow\" class=\"nolightbox essb-s-c-facebook essb-s-b-facebook essb-s-bgh-facebook essb-s-ch-light essb-s-bh-facebook essb-s-c-network essb-s-b-network essb-s-bgh-network essb-s-bh-network\" ><span class=\"essb_icon essb_icon_facebook\"><svg class=\"essb-svg-icon essb-svg-icon-facebook\" aria-hidden=\"true\" role=\"img\" focusable=\"false\" xmlns=\"http:\/\/www.w3.org\/2000\/svg\" width=\"16\" height=\"16\" viewBox=\"0 0 16 16\"><path d=\"M16 8.049c0-4.446-3.582-8.05-8-8.05C3.58 0-.002 3.603-.002 8.05c0 4.017 2.926 7.347 6.75 7.951v-5.625h-2.03V8.05H6.75V6.275c0-2.017 1.195-3.131 3.022-3.131.876 0 1.791.157 1.791.157v1.98h-1.009c-.993 0-1.303.621-1.303 1.258v1.51h2.218l-.354 2.326H9.25V16c3.824-.604 6.75-3.934 6.75-7.951\"><\/path><\/svg><\/span><span class=\"essb_network_name essb_noname\"><\/span><\/a><\/li><li class=\"essb_item essb_link_twitter nolightbox essb_link_twitter_x essb_link_svg_icon\"> <a href=\"https:\/\/x.com\/intent\/post?text=FORIA%20PRODUCCIONES&amp;url=https%3A%2F%2Fculturaonline.consorcimuseus.gva.es%2Fes%2Fforia-producciones%2F\" title=\"Share on Twitter\" onclick=\"essb.window(&#39;https:\/\/x.com\/intent\/post?text=FORIA%20PRODUCCIONES&amp;url=https%3A%2F%2Fculturaonline.consorcimuseus.gva.es%2Fes%2Fforia-producciones%2F&#39;,&#39;twitter&#39;,&#39;1518051174&#39;); return false;\" target=\"_blank\" rel=\"noreferrer noopener nofollow\" class=\"nolightbox essb-s-c-twitter essb-s-b-twitter essb-s-bgh-twitter essb-s-ch-light essb-s-bh-twitter essb-s-c-network essb-s-b-network essb-s-bgh-network essb-s-bh-network\" ><span class=\"essb_icon essb_icon_twitter_x\"><svg class=\"essb-svg-icon essb-svg-icon-twitter_x\" aria-hidden=\"true\" role=\"img\" focusable=\"false\" viewBox=\"0 0 24 24\"><path d=\"M18.244 2.25h3.308l-7.227 8.26 8.502 11.24H16.17l-5.214-6.817L4.99 21.75H1.68l7.73-8.835L1.254 2.25H8.08l4.713 6.231zm-1.161 17.52h1.833L7.084 4.126H5.117z\"><\/path><\/svg><\/span><span class=\"essb_network_name essb_noname\"><\/span><\/a><\/li><li class=\"essb_item essb_link_pinterest nolightbox essb_link_svg_icon\"> <a href=\"#\" title=\"Share on Pinterest\" onclick=\"essb.pinterest_picker(&#39;1518051174&#39;); return false;\" target=\"_blank\" rel=\"noreferrer noopener nofollow\" class=\"nolightbox essb-s-c-pinterest essb-s-b-pinterest essb-s-bgh-pinterest essb-s-ch-light essb-s-bh-pinterest essb-s-c-network essb-s-b-network essb-s-bgh-network essb-s-bh-network\" ><span class=\"essb_icon essb_icon_pinterest\"><svg class=\"essb-svg-icon essb-svg-icon-pinterest\" aria-hidden=\"true\" role=\"img\" focusable=\"false\" width=\"32\" height=\"32\" viewBox=\"0 0 32 32\" xmlns=\"http:\/\/www.w3.org\/2000\/svg\"><path d=\"M10.625 12.25c0-1.375 0.313-2.5 1.063-3.438 0.688-0.938 1.563-1.438 2.563-1.438 0.813 0 1.438 0.25 1.875 0.813s0.688 1.25 0.688 2.063c0 0.5-0.125 1.125-0.313 1.813-0.188 0.75-0.375 1.625-0.688 2.563-0.313 1-0.563 1.75-0.688 2.313-0.25 1-0.063 1.875 0.563 2.625 0.625 0.688 1.438 1.063 2.438 1.063 1.75 0 3.188-1 4.313-2.938 1.125-2 1.688-4.375 1.688-7.188 0-2.125-0.688-3.875-2.063-5.25-1.375-1.313-3.313-2-5.813-2-2.813 0-5.063 0.875-6.75 2.688-1.75 1.75-2.625 3.875-2.625 6.375 0 1.5 0.438 2.75 1.25 3.75 0.313 0.313 0.375 0.688 0.313 1.063-0.125 0.313-0.25 0.813-0.375 1.5-0.063 0.25-0.188 0.438-0.375 0.5s-0.375 0.063-0.563 0c-1.313-0.563-2.25-1.438-2.938-2.75s-1-2.813-1-4.5c0-1.125 0.188-2.188 0.563-3.313s0.875-2.188 1.625-3.188c0.75-1.063 1.688-1.938 2.688-2.75 1.063-0.813 2.313-1.438 3.875-1.938 1.5-0.438 3.125-0.688 4.813-0.688 1.813 0 3.438 0.313 4.938 0.938 1.5 0.563 2.813 1.375 3.813 2.375 1.063 1.063 1.813 2.188 2.438 3.5 0.563 1.313 0.875 2.688 0.875 4.063 0 3.75-0.938 6.875-2.875 9.313-1.938 2.5-4.375 3.688-7.375 3.688-1 0-1.938-0.188-2.813-0.688-0.875-0.438-1.5-1-1.875-1.688-0.688 2.938-1.125 4.688-1.313 5.25-0.375 1.438-1.25 3.188-2.688 5.25h-1.313c-0.25-2.563-0.188-4.688 0.188-6.375l2.438-10.313c-0.375-0.813-0.563-1.813-0.563-3.063z\"><\/path><\/svg><\/span><span class=\"essb_network_name essb_noname\"><\/span><\/a><\/li><\/ul><\/div>[\/vc_column_text][\/vc_column][vc_column width=\u00bb2\/3&#8243;]<style type=\"text\/css\" data-type=\"the7_shortcodes-inline-css\">.gallery-carousel-shortcode.gallery-carousel-shortcode-id-9c339e64fd6921a0cb3835f7cdc17781.owl-carousel .owl-nav div {\n  width: 0px;\n  height: 0px;\n  border-radius: 500px;\n}\n.dt-arrow-border-on.gallery-carousel-shortcode.gallery-carousel-shortcode-id-9c339e64fd6921a0cb3835f7cdc17781.owl-carousel .owl-nav div:not(:hover):before {\n  border-width: 0px;\n}\n.dt-arrow-hover-border-on.gallery-carousel-shortcode.gallery-carousel-shortcode-id-9c339e64fd6921a0cb3835f7cdc17781.owl-carousel .owl-nav div:hover:after {\n  border-width: 0px;\n}\n.gallery-carousel-shortcode.gallery-carousel-shortcode-id-9c339e64fd6921a0cb3835f7cdc17781.owl-carousel .owl-nav div.owl-prev {\n  top: 50%;\n  transform: translateY(calc(-50% + 0px));\n  left: 25px;\n}\n@media all and (-ms-high-contrast: none) {\n  .gallery-carousel-shortcode.gallery-carousel-shortcode-id-9c339e64fd6921a0cb3835f7cdc17781.owl-carousel .owl-nav div.owl-prev {\n    transform: translateY(-50%);\n    margin-top: 0px;\n  }\n}\n.gallery-carousel-shortcode.gallery-carousel-shortcode-id-9c339e64fd6921a0cb3835f7cdc17781.owl-carousel .owl-nav div.owl-prev i {\n  padding: 0px 0px 0px 0px;\n}\n.gallery-carousel-shortcode.gallery-carousel-shortcode-id-9c339e64fd6921a0cb3835f7cdc17781.owl-carousel .owl-nav div.owl-next {\n  top: 50%;\n  transform: translateY(calc(-50% + 0px));\n  right: 25px;\n}\n@media all and (-ms-high-contrast: none) {\n  .gallery-carousel-shortcode.gallery-carousel-shortcode-id-9c339e64fd6921a0cb3835f7cdc17781.owl-carousel .owl-nav div.owl-next {\n    transform: translateY(-50%);\n    margin-top: 0px;\n  }\n}\n.gallery-carousel-shortcode.gallery-carousel-shortcode-id-9c339e64fd6921a0cb3835f7cdc17781.owl-carousel .owl-nav div.owl-next i {\n  padding: 0px 0px 0px 0px;\n}\n.gallery-carousel-shortcode.gallery-carousel-shortcode-id-9c339e64fd6921a0cb3835f7cdc17781.owl-carousel .owl-nav i {\n  font-size: 24px;\n}\n.gallery-carousel-shortcode.gallery-carousel-shortcode-id-9c339e64fd6921a0cb3835f7cdc17781.owl-carousel .owl-nav div:not(:hover) i,\n.gallery-carousel-shortcode.gallery-carousel-shortcode-id-9c339e64fd6921a0cb3835f7cdc17781.owl-carousel .owl-nav div:not(:hover) i:before {\n  color: #ffffff;\n  background: none;\n}\n.gallery-carousel-shortcode.gallery-carousel-shortcode-id-9c339e64fd6921a0cb3835f7cdc17781.owl-carousel .owl-nav div:hover i,\n.gallery-carousel-shortcode.gallery-carousel-shortcode-id-9c339e64fd6921a0cb3835f7cdc17781.owl-carousel .owl-nav div:hover i:before {\n  color: rgba(255,255,255,0.75);\n  background: none;\n}\n.gallery-carousel-shortcode.gallery-carousel-shortcode-id-9c339e64fd6921a0cb3835f7cdc17781 .owl-dots {\n  top: calc(100% + 20px);\n  left: 50%;\n  transform: translateX(calc(-50% + 0px));\n}\n@media all and (-ms-high-contrast: none) {\n  .gallery-carousel-shortcode.gallery-carousel-shortcode-id-9c339e64fd6921a0cb3835f7cdc17781 .owl-dots {\n    transform: translateX(-50%);\n    margin-left: 0px;\n  }\n}\n.gallery-carousel-shortcode.gallery-carousel-shortcode-id-9c339e64fd6921a0cb3835f7cdc17781 .owl-dot {\n  width: 10px;\n  height: 10px;\n  margin: 0 8px;\n}\n@media screen and (max-width: 778px) {\n  .gallery-carousel-shortcode.gallery-carousel-shortcode-id-9c339e64fd6921a0cb3835f7cdc17781.hide-arrows .owl-nav a {\n    display: none;\n  }\n}\n@media screen and (max-width: 778px) {\n  .gallery-carousel-shortcode.gallery-carousel-shortcode-id-9c339e64fd6921a0cb3835f7cdc17781.reposition-arrows .owl-nav .owl-prev {\n    top: 50%;\n    transform: translateY(calc(-50% + 0px));\n    left: 10px;\n  }\n  .gallery-carousel-shortcode.gallery-carousel-shortcode-id-9c339e64fd6921a0cb3835f7cdc17781.reposition-arrows .owl-nav .owl-next {\n    top: 50%;\n    transform: translateY(calc(-50% + 0px));\n    right: 10px;\n  }\n}\n@media screen and (max-width: 778px) and all and (-ms-high-contrast: none) {\n  .gallery-carousel-shortcode.gallery-carousel-shortcode-id-9c339e64fd6921a0cb3835f7cdc17781.reposition-arrows .owl-nav .owl-prev {\n    transform: translateY(-50%);\n    margin-top: 0px;\n  }\n}\n@media screen and (max-width: 778px) and all and (-ms-high-contrast: none) {\n  .gallery-carousel-shortcode.gallery-carousel-shortcode-id-9c339e64fd6921a0cb3835f7cdc17781.reposition-arrows .owl-nav .owl-next {\n    transform: translateY(-50%);\n    margin-top: 0px;\n  }\n}\n.gallery-carousel-shortcode.gallery-carousel-shortcode-id-9c339e64fd6921a0cb3835f7cdc17781 figure,\n.gallery-carousel-shortcode.gallery-carousel-shortcode-id-9c339e64fd6921a0cb3835f7cdc17781 .rollover,\n.gallery-carousel-shortcode.gallery-carousel-shortcode-id-9c339e64fd6921a0cb3835f7cdc17781 img,\n.gallery-carousel-shortcode.gallery-carousel-shortcode-id-9c339e64fd6921a0cb3835f7cdc17781 .gallery-rollover {\n  border-radius: 0px;\n}\n.gallery-carousel-shortcode.gallery-carousel-shortcode-id-9c339e64fd6921a0cb3835f7cdc17781.enable-bg-rollover .gallery-rollover {\n  background: -webkit-linear-gradient();\n  background: linear-gradient();\n}\n.gallery-carousel-shortcode.gallery-carousel-shortcode-id-9c339e64fd6921a0cb3835f7cdc17781.enable-img-shadow .owl-stage-outer {\n  padding: 14px 0;\n}\n.gallery-carousel-shortcode.gallery-carousel-shortcode-id-9c339e64fd6921a0cb3835f7cdc17781.enable-bg-rollover.hover-scale figure .rollover:after {\n  background: -webkit-linear-gradient();\n  background: linear-gradient();\n}\n.gallery-carousel-shortcode.gallery-carousel-shortcode-id-9c339e64fd6921a0cb3835f7cdc17781.gallery-shortcode .gallery-zoom-ico {\n  width: 44px;\n  height: 44px;\n  line-height: 44px;\n  border-radius: 100px;\n  margin: -22px 0 0 -22px;\n  border-width: 0px;\n}\n.dt-icon-bg-on.gallery-carousel-shortcode.gallery-carousel-shortcode-id-9c339e64fd6921a0cb3835f7cdc17781.gallery-shortcode .gallery-zoom-ico {\n  background: rgba(255,255,255,0.3);\n  box-shadow: none;\n}\n.gallery-carousel-shortcode.gallery-carousel-shortcode-id-9c339e64fd6921a0cb3835f7cdc17781.gallery-shortcode .gallery-zoom-ico:before,\n.gallery-carousel-shortcode.gallery-carousel-shortcode-id-9c339e64fd6921a0cb3835f7cdc17781.gallery-shortcode .gallery-zoom-ico span {\n  font-size: 32px;\n  line-height: 44px;\n  color: #ffffff;\n  background: none;\n}<\/style><div class=\"owl-carousel gallery-carousel-shortcode gallery-shortcode  dt-gallery-container dt-owl-carousel-call gallery-carousel-shortcode-id-9c339e64fd6921a0cb3835f7cdc17781 enable-bg-rollover meta-info-off bullets-small-dot-stroke reposition-arrows dt-icon-bg-off arrows-bg-off disable-arrows-hover-bg arrows-hover-bg-off  hover-fade \" data-scroll-mode=\"1\" data-col-num=\"1\" data-wide-col-num=\"1\" data-laptop-col=\"1\" data-h-tablet-columns-num=\"1\" data-v-tablet-columns-num=\"1\" data-phone-columns-num=\"1\" data-col-gap=\"10\" data-stage-padding=\"0\" data-speed=\"600\" data-autoplay=\"false\" data-autoplay_speed=\"6000\" data-arrows=\"true\" data-bullet=\"false\" data-next-icon=\"icon-ar-021-r\" data-prev-icon=\"icon-ar-021-l\" data-img-shadow-size=\"12px\" data-img-shadow-spread=\"3px\"><div data-post-id=\"6651\" data-date=\"2023-05-31T08:54:23+02:00\" data-name=\"-Z- Foria 02\"><figure class=\"post\"><a href=\"https:\/\/culturaonline.consorcimuseus.gva.es\/wp-content\/uploads\/2023\/05\/Z-Foria-02.jpg\" class=\"rollover dt-pswp-item layzr-bg\" data-large_image_width=\"1000\" data-large_image_height=\"667\" data-dt-img-description=\"\" title=\"-Z- Foria 02\"><img fetchpriority=\"high\" decoding=\"async\" class=\"preload-me owl-lazy-load aspect\" src=\"data:image\/svg+xml,%3Csvg%20xmlns%3D&#39;http%3A%2F%2Fwww.w3.org%2F2000%2Fsvg&#39;%20viewBox%3D&#39;0%200%20999%20667&#39;%2F%3E\" data-src=\"https:\/\/culturaonline.consorcimuseus.gva.es\/wp-content\/uploads\/2023\/05\/Z-Foria-02.jpg\" data-srcset=\"https:\/\/culturaonline.consorcimuseus.gva.es\/wp-content\/uploads\/2023\/05\/Z-Foria-02.jpg 999w\" loading=\"eager\" style=\"--ratio: 999 \/ 667\" sizes=\"(max-width: 999px) 100vw, 999px\" alt=\"\" width=\"999\" height=\"667\"  \/><span class=\"gallery-rollover\"><\/span><\/a><\/figure><\/div><div data-post-id=\"6649\" data-date=\"2023-05-31T08:54:20+02:00\" data-name=\"-Z- Foria 01\"><figure class=\"post\"><a href=\"https:\/\/culturaonline.consorcimuseus.gva.es\/wp-content\/uploads\/2023\/05\/Z-Foria-01.jpg\" class=\"rollover dt-pswp-item layzr-bg\" data-large_image_width=\"1000\" data-large_image_height=\"667\" data-dt-img-description=\"\" title=\"-Z- Foria 01\"><img decoding=\"async\" class=\"preload-me owl-lazy-load aspect\" src=\"data:image\/svg+xml,%3Csvg%20xmlns%3D&#39;http%3A%2F%2Fwww.w3.org%2F2000%2Fsvg&#39;%20viewBox%3D&#39;0%200%20999%20667&#39;%2F%3E\" data-src=\"https:\/\/culturaonline.consorcimuseus.gva.es\/wp-content\/uploads\/2023\/05\/Z-Foria-01.jpg\" data-srcset=\"https:\/\/culturaonline.consorcimuseus.gva.es\/wp-content\/uploads\/2023\/05\/Z-Foria-01.jpg 999w\" loading=\"eager\" style=\"--ratio: 999 \/ 667\" sizes=\"(max-width: 999px) 100vw, 999px\" alt=\"\" width=\"999\" height=\"667\"  \/><span class=\"gallery-rollover\"><\/span><\/a><\/figure><\/div><div data-post-id=\"6653\" data-date=\"2023-05-31T08:54:26+02:00\" data-name=\"-Z- Foria 03\"><figure class=\"post\"><a href=\"https:\/\/culturaonline.consorcimuseus.gva.es\/wp-content\/uploads\/2023\/05\/Z-Foria-03.jpg\" class=\"rollover dt-pswp-item layzr-bg\" data-large_image_width=\"1000\" data-large_image_height=\"667\" data-dt-img-description=\"\" title=\"-Z- Foria 03\"><img decoding=\"async\" class=\"preload-me owl-lazy-load aspect\" src=\"data:image\/svg+xml,%3Csvg%20xmlns%3D&#39;http%3A%2F%2Fwww.w3.org%2F2000%2Fsvg&#39;%20viewBox%3D&#39;0%200%20999%20667&#39;%2F%3E\" data-src=\"https:\/\/culturaonline.consorcimuseus.gva.es\/wp-content\/uploads\/2023\/05\/Z-Foria-03.jpg\" data-srcset=\"https:\/\/culturaonline.consorcimuseus.gva.es\/wp-content\/uploads\/2023\/05\/Z-Foria-03.jpg 999w\" loading=\"eager\" style=\"--ratio: 999 \/ 667\" sizes=\"(max-width: 999px) 100vw, 999px\" alt=\"\" width=\"999\" height=\"667\"  \/><span class=\"gallery-rollover\"><\/span><\/a><\/figure><\/div><div data-post-id=\"6655\" data-date=\"2023-05-31T08:54:28+02:00\" data-name=\"-Z- Foria 04\"><figure class=\"post\"><a href=\"https:\/\/culturaonline.consorcimuseus.gva.es\/wp-content\/uploads\/2023\/05\/Z-Foria-04.jpg\" class=\"rollover dt-pswp-item layzr-bg\" data-large_image_width=\"1000\" data-large_image_height=\"667\" data-dt-img-description=\"\" title=\"-Z- Foria 04\"><img decoding=\"async\" class=\"preload-me owl-lazy-load aspect\" src=\"data:image\/svg+xml,%3Csvg%20xmlns%3D&#39;http%3A%2F%2Fwww.w3.org%2F2000%2Fsvg&#39;%20viewBox%3D&#39;0%200%20999%20667&#39;%2F%3E\" data-src=\"https:\/\/culturaonline.consorcimuseus.gva.es\/wp-content\/uploads\/2023\/05\/Z-Foria-04.jpg\" data-srcset=\"https:\/\/culturaonline.consorcimuseus.gva.es\/wp-content\/uploads\/2023\/05\/Z-Foria-04.jpg 999w\" loading=\"eager\" style=\"--ratio: 999 \/ 667\" sizes=\"(max-width: 999px) 100vw, 999px\" alt=\"\" width=\"999\" height=\"667\"  \/><span class=\"gallery-rollover\"><\/span><\/a><\/figure><\/div><\/div>[vc_empty_space height=\u00bb20px\u00bb][vc_column_text]<\/p>\n<p style=\"text-align: left;\"><strong>Resumen del proyecto<\/strong><\/p>\n<p><strong>#Z<\/strong>\u00a0es el cortometraje resultante de unas jornadas de mediaci\u00f3n y creaci\u00f3n art\u00edstica con j\u00f3venes pertenecientes a la llamada Generaci\u00f3n Z para reflexionar acerca del concepto de &#8216;identidad&#8217;.<\/p>\n<p>Surgido de las 4as Residencias Art\u00edsticas y Culturales del Ayuntamiento de Val\u00e8ncia (Joventut VLC), el cortometraje toma como punto de partida una serie de textos creados ex profeso por les participantes (de entre 16 y 17 a\u00f1os) en los que muestran sin complejos sus inquietudes y las distintas realidades a las que se enfrentan d\u00eda a d\u00eda.<\/p>\n<p>Acompa\u00f1ando a sus narraciones, les mismes creadores protagonizan una &#8216;semificci\u00f3n&#8217; que se presenta a modo de &#8216;fotograf\u00edas en movimiento&#8217; (en una relaci\u00f3n de aspecto casi cuadrada que evoca a las publicaciones de Instagram) en la que el audiovisual se pone al servicio de sus historias, transitando desde el costumbrismo hasta la po\u00e9tica, pasando por lo on\u00edrico o la denuncia social.<\/p>\n<p>Con la ciudad de Val\u00e8ncia como tel\u00f3n de fondo, las historias de estes siete adolescentes recorren caminos distintos que parten de elles mismes y que terminan por entrecruzarse en un lugar com\u00fan, sirviendo, en \u00faltima instancia, de espejo al que enfrentar a toda una generaci\u00f3n.[\/vc_column_text][vc_empty_space height=\u00bb20px\u00bb][vc_column_text]<\/p>\n<p style=\"text-align: left;\"><strong>Autor\u00eda<\/strong><\/p>\n<p>Diplomado en Arte Dram\u00e1tico por la Escuela del Actor de Val\u00e8ncia (2008-2012), <strong>Carlos Ruiz<\/strong> forma en 2014 <strong>Foria Producciones<\/strong> como un sello que engloba creaci\u00f3n teatral y producci\u00f3n audiovisual.<\/p>\n<p>Desde entonces firma contenidos propios y para otras compa\u00f1\u00edas valencianas (Escalante, Hongaresa, La Negra, etc.), as\u00ed como proyectos asociados a la AAPV, Rambleta, Palau de les Arts, UE (proyecto \u201cUnder25 Alternative routes to ripen through theater\u201d), UJI, L\u2019Oceanogr\u00e0fic o la Escuela del Actor de Val\u00e8ncia, donde imparte clases de teatro y al audiovisual desde 2015.<\/p>\n<p>En paralelo a su desarrollo como actor y dramaturgo, investiga el audiovisual desde un punto de vista art\u00edstico, en muchas ocasiones vinculado al collage digital. En 2018 se le otorga una de las Residencias de creaci\u00f3n Emergents con la que graba el documental &#8216;Supernenas&#8217;: una mirada pr\u00f3xima a un grupo de amigas y vecinas del barrio de Marxalenes. En 2021 adapta y dirige el cortometraje &#8216;Yo no puedo olvidarla&#8217; como parte de las Jornadas de Diversidad, Creaci\u00f3n y Gesti\u00f3n organizadas por la UV. En 2022 resulta beneficiario de las Residencias Art\u00edsticas y Culturales del Ayto. de Val\u00e8ncia, para las que desarrolla el proyecto <strong>&#8216;#Z&#8217;<\/strong>.[\/vc_column_text][vc_empty_space height=\u00bb20px\u00bb][\/vc_column][\/vc_row]<\/p>\n<\/div>","protected":false},"excerpt":{"rendered":"<p>#Z: Retrato semificcionado de una generaci\u00f3n<\/p>\n","protected":false},"author":3,"featured_media":6651,"comment_status":"closed","ping_status":"open","sticky":false,"template":"","format":"standard","meta":{"footnotes":""},"categories":[49],"tags":[],"class_list":["post-3864","post","type-post","status-publish","format-standard","has-post-thumbnail","hentry","category-ecos-y-reflejos-de-una-sociedad-precaria","category-49","description-off"],"yoast_head":"<!-- This site is optimized with the Yoast SEO plugin v27.3 - https:\/\/yoast.com\/product\/yoast-seo-wordpress\/ -->\n<title>FORIA PRODUCCIONES. #Z: Retrato semificcionado de una generaci\u00f3n - Cultura Online<\/title>\n<meta name=\"robots\" content=\"index, follow, max-snippet:-1, max-image-preview:large, max-video-preview:-1\" \/>\n<link rel=\"canonical\" href=\"https:\/\/culturaonline.consorcimuseus.gva.es\/es\/foria-producciones\/\" \/>\n<meta property=\"og:locale\" content=\"es_ES\" \/>\n<meta property=\"og:type\" content=\"article\" \/>\n<meta property=\"og:title\" content=\"FORIA PRODUCCIONES. #Z: Retrato semificcionado de una generaci\u00f3n - Cultura Online\" \/>\n<meta property=\"og:description\" content=\"#Z: Retrato semificcionado de una generaci\u00f3n\" \/>\n<meta property=\"og:url\" content=\"https:\/\/culturaonline.consorcimuseus.gva.es\/es\/foria-producciones\/\" \/>\n<meta property=\"og:site_name\" content=\"Cultura Online\" \/>\n<meta property=\"article:published_time\" content=\"2023-05-09T07:26:26+00:00\" \/>\n<meta property=\"article:modified_time\" content=\"2023-05-31T06:56:16+00:00\" \/>\n<meta property=\"og:image\" content=\"https:\/\/culturaonline.consorcimuseus.gva.es\/wp-content\/uploads\/2023\/05\/Z-Foria-02.jpg\" \/>\n\t<meta property=\"og:image:width\" content=\"1000\" \/>\n\t<meta property=\"og:image:height\" content=\"667\" \/>\n\t<meta property=\"og:image:type\" content=\"image\/jpeg\" \/>\n<meta name=\"author\" content=\"Cultura Online CMCV\" \/>\n<meta name=\"twitter:card\" content=\"summary_large_image\" \/>\n<meta name=\"twitter:label1\" content=\"Escrito por\" \/>\n\t<meta name=\"twitter:data1\" content=\"Cultura Online CMCV\" \/>\n\t<meta name=\"twitter:label2\" content=\"Tiempo de lectura\" \/>\n\t<meta name=\"twitter:data2\" content=\"3 minutos\" \/>\n<script type=\"application\/ld+json\" class=\"yoast-schema-graph\">{\"@context\":\"https:\\\/\\\/schema.org\",\"@graph\":[{\"@type\":\"Article\",\"@id\":\"https:\\\/\\\/culturaonline.consorcimuseus.gva.es\\\/es\\\/foria-producciones\\\/#article\",\"isPartOf\":{\"@id\":\"https:\\\/\\\/culturaonline.consorcimuseus.gva.es\\\/es\\\/foria-producciones\\\/\"},\"author\":{\"name\":\"Cultura Online CMCV\",\"@id\":\"https:\\\/\\\/culturaonline.consorcimuseus.gva.es\\\/#\\\/schema\\\/person\\\/71b92be5411063db4a80d60f7b87bedf\"},\"headline\":\"FORIA PRODUCCIONES\",\"datePublished\":\"2023-05-09T07:26:26+00:00\",\"dateModified\":\"2023-05-31T06:56:16+00:00\",\"mainEntityOfPage\":{\"@id\":\"https:\\\/\\\/culturaonline.consorcimuseus.gva.es\\\/es\\\/foria-producciones\\\/\"},\"wordCount\":705,\"publisher\":{\"@id\":\"https:\\\/\\\/culturaonline.consorcimuseus.gva.es\\\/#organization\"},\"image\":{\"@id\":\"https:\\\/\\\/culturaonline.consorcimuseus.gva.es\\\/es\\\/foria-producciones\\\/#primaryimage\"},\"thumbnailUrl\":\"https:\\\/\\\/culturaonline.consorcimuseus.gva.es\\\/wp-content\\\/uploads\\\/2023\\\/05\\\/Z-Foria-02.jpg\",\"articleSection\":[\"Ecos y reflejos de una sociedad precaria\"],\"inLanguage\":\"es\"},{\"@type\":\"WebPage\",\"@id\":\"https:\\\/\\\/culturaonline.consorcimuseus.gva.es\\\/es\\\/foria-producciones\\\/\",\"url\":\"https:\\\/\\\/culturaonline.consorcimuseus.gva.es\\\/es\\\/foria-producciones\\\/\",\"name\":\"FORIA PRODUCCIONES. #Z: Retrato semificcionado de una generaci\u00f3n - Cultura Online\",\"isPartOf\":{\"@id\":\"https:\\\/\\\/culturaonline.consorcimuseus.gva.es\\\/#website\"},\"primaryImageOfPage\":{\"@id\":\"https:\\\/\\\/culturaonline.consorcimuseus.gva.es\\\/es\\\/foria-producciones\\\/#primaryimage\"},\"image\":{\"@id\":\"https:\\\/\\\/culturaonline.consorcimuseus.gva.es\\\/es\\\/foria-producciones\\\/#primaryimage\"},\"thumbnailUrl\":\"https:\\\/\\\/culturaonline.consorcimuseus.gva.es\\\/wp-content\\\/uploads\\\/2023\\\/05\\\/Z-Foria-02.jpg\",\"datePublished\":\"2023-05-09T07:26:26+00:00\",\"dateModified\":\"2023-05-31T06:56:16+00:00\",\"breadcrumb\":{\"@id\":\"https:\\\/\\\/culturaonline.consorcimuseus.gva.es\\\/es\\\/foria-producciones\\\/#breadcrumb\"},\"inLanguage\":\"es\",\"potentialAction\":[{\"@type\":\"ReadAction\",\"target\":[\"https:\\\/\\\/culturaonline.consorcimuseus.gva.es\\\/es\\\/foria-producciones\\\/\"]}]},{\"@type\":\"ImageObject\",\"inLanguage\":\"es\",\"@id\":\"https:\\\/\\\/culturaonline.consorcimuseus.gva.es\\\/es\\\/foria-producciones\\\/#primaryimage\",\"url\":\"https:\\\/\\\/culturaonline.consorcimuseus.gva.es\\\/wp-content\\\/uploads\\\/2023\\\/05\\\/Z-Foria-02.jpg\",\"contentUrl\":\"https:\\\/\\\/culturaonline.consorcimuseus.gva.es\\\/wp-content\\\/uploads\\\/2023\\\/05\\\/Z-Foria-02.jpg\",\"width\":1000,\"height\":667},{\"@type\":\"BreadcrumbList\",\"@id\":\"https:\\\/\\\/culturaonline.consorcimuseus.gva.es\\\/es\\\/foria-producciones\\\/#breadcrumb\",\"itemListElement\":[{\"@type\":\"ListItem\",\"position\":1,\"name\":\"Portada\",\"item\":\"https:\\\/\\\/culturaonline.consorcimuseus.gva.es\\\/es\\\/\"},{\"@type\":\"ListItem\",\"position\":2,\"name\":\"false\"}]},{\"@type\":\"WebSite\",\"@id\":\"https:\\\/\\\/culturaonline.consorcimuseus.gva.es\\\/#website\",\"url\":\"https:\\\/\\\/culturaonline.consorcimuseus.gva.es\\\/\",\"name\":\"Cultura Online\",\"description\":\"\",\"publisher\":{\"@id\":\"https:\\\/\\\/culturaonline.consorcimuseus.gva.es\\\/#organization\"},\"potentialAction\":[{\"@type\":\"SearchAction\",\"target\":{\"@type\":\"EntryPoint\",\"urlTemplate\":\"https:\\\/\\\/culturaonline.consorcimuseus.gva.es\\\/?s={search_term_string}\"},\"query-input\":{\"@type\":\"PropertyValueSpecification\",\"valueRequired\":true,\"valueName\":\"search_term_string\"}}],\"inLanguage\":\"es\"},{\"@type\":\"Organization\",\"@id\":\"https:\\\/\\\/culturaonline.consorcimuseus.gva.es\\\/#organization\",\"name\":\"Consorci de Museus de la Comunitat Valenciana\",\"url\":\"https:\\\/\\\/culturaonline.consorcimuseus.gva.es\\\/\",\"logo\":{\"@type\":\"ImageObject\",\"inLanguage\":\"es\",\"@id\":\"https:\\\/\\\/culturaonline.consorcimuseus.gva.es\\\/#\\\/schema\\\/logo\\\/image\\\/\",\"url\":\"https:\\\/\\\/culturaonline.consorcimuseus.gva.es\\\/wp-content\\\/uploads\\\/2020\\\/10\\\/logo-consorci-museus.jpg\",\"contentUrl\":\"https:\\\/\\\/culturaonline.consorcimuseus.gva.es\\\/wp-content\\\/uploads\\\/2020\\\/10\\\/logo-consorci-museus.jpg\",\"width\":122,\"height\":108,\"caption\":\"Consorci de Museus de la Comunitat Valenciana\"},\"image\":{\"@id\":\"https:\\\/\\\/culturaonline.consorcimuseus.gva.es\\\/#\\\/schema\\\/logo\\\/image\\\/\"}},{\"@type\":\"Person\",\"@id\":\"https:\\\/\\\/culturaonline.consorcimuseus.gva.es\\\/#\\\/schema\\\/person\\\/71b92be5411063db4a80d60f7b87bedf\",\"name\":\"Cultura Online CMCV\",\"image\":{\"@type\":\"ImageObject\",\"inLanguage\":\"es\",\"@id\":\"https:\\\/\\\/secure.gravatar.com\\\/avatar\\\/8206a194875377fd4491e5801b47d4400baf7cc53b4764ffacf6953a9c63e6f5?s=96&d=mm&r=g\",\"url\":\"https:\\\/\\\/secure.gravatar.com\\\/avatar\\\/8206a194875377fd4491e5801b47d4400baf7cc53b4764ffacf6953a9c63e6f5?s=96&d=mm&r=g\",\"contentUrl\":\"https:\\\/\\\/secure.gravatar.com\\\/avatar\\\/8206a194875377fd4491e5801b47d4400baf7cc53b4764ffacf6953a9c63e6f5?s=96&d=mm&r=g\",\"caption\":\"Cultura Online CMCV\"}}]}<\/script>\n<!-- \/ Yoast SEO plugin. -->","yoast_head_json":{"title":"FORIA PRODUCCIONES. #Z: Retrato semificcionado de una generaci\u00f3n - Cultura Online","robots":{"index":"index","follow":"follow","max-snippet":"max-snippet:-1","max-image-preview":"max-image-preview:large","max-video-preview":"max-video-preview:-1"},"canonical":"https:\/\/culturaonline.consorcimuseus.gva.es\/es\/foria-producciones\/","og_locale":"es_ES","og_type":"article","og_title":"FORIA PRODUCCIONES. #Z: Retrato semificcionado de una generaci\u00f3n - Cultura Online","og_description":"#Z: Retrato semificcionado de una generaci\u00f3n","og_url":"https:\/\/culturaonline.consorcimuseus.gva.es\/es\/foria-producciones\/","og_site_name":"Cultura Online","article_published_time":"2023-05-09T07:26:26+00:00","article_modified_time":"2023-05-31T06:56:16+00:00","og_image":[{"width":1000,"height":667,"url":"https:\/\/culturaonline.consorcimuseus.gva.es\/wp-content\/uploads\/2023\/05\/Z-Foria-02.jpg","type":"image\/jpeg"}],"author":"Cultura Online CMCV","twitter_card":"summary_large_image","twitter_misc":{"Escrito por":"Cultura Online CMCV","Tiempo de lectura":"3 minutos"},"schema":{"@context":"https:\/\/schema.org","@graph":[{"@type":"Article","@id":"https:\/\/culturaonline.consorcimuseus.gva.es\/es\/foria-producciones\/#article","isPartOf":{"@id":"https:\/\/culturaonline.consorcimuseus.gva.es\/es\/foria-producciones\/"},"author":{"name":"Cultura Online CMCV","@id":"https:\/\/culturaonline.consorcimuseus.gva.es\/#\/schema\/person\/71b92be5411063db4a80d60f7b87bedf"},"headline":"FORIA PRODUCCIONES","datePublished":"2023-05-09T07:26:26+00:00","dateModified":"2023-05-31T06:56:16+00:00","mainEntityOfPage":{"@id":"https:\/\/culturaonline.consorcimuseus.gva.es\/es\/foria-producciones\/"},"wordCount":705,"publisher":{"@id":"https:\/\/culturaonline.consorcimuseus.gva.es\/#organization"},"image":{"@id":"https:\/\/culturaonline.consorcimuseus.gva.es\/es\/foria-producciones\/#primaryimage"},"thumbnailUrl":"https:\/\/culturaonline.consorcimuseus.gva.es\/wp-content\/uploads\/2023\/05\/Z-Foria-02.jpg","articleSection":["Ecos y reflejos de una sociedad precaria"],"inLanguage":"es"},{"@type":"WebPage","@id":"https:\/\/culturaonline.consorcimuseus.gva.es\/es\/foria-producciones\/","url":"https:\/\/culturaonline.consorcimuseus.gva.es\/es\/foria-producciones\/","name":"FORIA PRODUCCIONES. #Z: Retrato semificcionado de una generaci\u00f3n - Cultura Online","isPartOf":{"@id":"https:\/\/culturaonline.consorcimuseus.gva.es\/#website"},"primaryImageOfPage":{"@id":"https:\/\/culturaonline.consorcimuseus.gva.es\/es\/foria-producciones\/#primaryimage"},"image":{"@id":"https:\/\/culturaonline.consorcimuseus.gva.es\/es\/foria-producciones\/#primaryimage"},"thumbnailUrl":"https:\/\/culturaonline.consorcimuseus.gva.es\/wp-content\/uploads\/2023\/05\/Z-Foria-02.jpg","datePublished":"2023-05-09T07:26:26+00:00","dateModified":"2023-05-31T06:56:16+00:00","breadcrumb":{"@id":"https:\/\/culturaonline.consorcimuseus.gva.es\/es\/foria-producciones\/#breadcrumb"},"inLanguage":"es","potentialAction":[{"@type":"ReadAction","target":["https:\/\/culturaonline.consorcimuseus.gva.es\/es\/foria-producciones\/"]}]},{"@type":"ImageObject","inLanguage":"es","@id":"https:\/\/culturaonline.consorcimuseus.gva.es\/es\/foria-producciones\/#primaryimage","url":"https:\/\/culturaonline.consorcimuseus.gva.es\/wp-content\/uploads\/2023\/05\/Z-Foria-02.jpg","contentUrl":"https:\/\/culturaonline.consorcimuseus.gva.es\/wp-content\/uploads\/2023\/05\/Z-Foria-02.jpg","width":1000,"height":667},{"@type":"BreadcrumbList","@id":"https:\/\/culturaonline.consorcimuseus.gva.es\/es\/foria-producciones\/#breadcrumb","itemListElement":[{"@type":"ListItem","position":1,"name":"Portada","item":"https:\/\/culturaonline.consorcimuseus.gva.es\/es\/"},{"@type":"ListItem","position":2,"name":"false"}]},{"@type":"WebSite","@id":"https:\/\/culturaonline.consorcimuseus.gva.es\/#website","url":"https:\/\/culturaonline.consorcimuseus.gva.es\/","name":"Cultura Online","description":"","publisher":{"@id":"https:\/\/culturaonline.consorcimuseus.gva.es\/#organization"},"potentialAction":[{"@type":"SearchAction","target":{"@type":"EntryPoint","urlTemplate":"https:\/\/culturaonline.consorcimuseus.gva.es\/?s={search_term_string}"},"query-input":{"@type":"PropertyValueSpecification","valueRequired":true,"valueName":"search_term_string"}}],"inLanguage":"es"},{"@type":"Organization","@id":"https:\/\/culturaonline.consorcimuseus.gva.es\/#organization","name":"Consorci de Museus de la Comunitat Valenciana","url":"https:\/\/culturaonline.consorcimuseus.gva.es\/","logo":{"@type":"ImageObject","inLanguage":"es","@id":"https:\/\/culturaonline.consorcimuseus.gva.es\/#\/schema\/logo\/image\/","url":"https:\/\/culturaonline.consorcimuseus.gva.es\/wp-content\/uploads\/2020\/10\/logo-consorci-museus.jpg","contentUrl":"https:\/\/culturaonline.consorcimuseus.gva.es\/wp-content\/uploads\/2020\/10\/logo-consorci-museus.jpg","width":122,"height":108,"caption":"Consorci de Museus de la Comunitat Valenciana"},"image":{"@id":"https:\/\/culturaonline.consorcimuseus.gva.es\/#\/schema\/logo\/image\/"}},{"@type":"Person","@id":"https:\/\/culturaonline.consorcimuseus.gva.es\/#\/schema\/person\/71b92be5411063db4a80d60f7b87bedf","name":"Cultura Online CMCV","image":{"@type":"ImageObject","inLanguage":"es","@id":"https:\/\/secure.gravatar.com\/avatar\/8206a194875377fd4491e5801b47d4400baf7cc53b4764ffacf6953a9c63e6f5?s=96&d=mm&r=g","url":"https:\/\/secure.gravatar.com\/avatar\/8206a194875377fd4491e5801b47d4400baf7cc53b4764ffacf6953a9c63e6f5?s=96&d=mm&r=g","contentUrl":"https:\/\/secure.gravatar.com\/avatar\/8206a194875377fd4491e5801b47d4400baf7cc53b4764ffacf6953a9c63e6f5?s=96&d=mm&r=g","caption":"Cultura Online CMCV"}}]}},"_links":{"self":[{"href":"https:\/\/culturaonline.consorcimuseus.gva.es\/es\/wp-json\/wp\/v2\/posts\/3864","targetHints":{"allow":["GET"]}}],"collection":[{"href":"https:\/\/culturaonline.consorcimuseus.gva.es\/es\/wp-json\/wp\/v2\/posts"}],"about":[{"href":"https:\/\/culturaonline.consorcimuseus.gva.es\/es\/wp-json\/wp\/v2\/types\/post"}],"author":[{"embeddable":true,"href":"https:\/\/culturaonline.consorcimuseus.gva.es\/es\/wp-json\/wp\/v2\/users\/3"}],"replies":[{"embeddable":true,"href":"https:\/\/culturaonline.consorcimuseus.gva.es\/es\/wp-json\/wp\/v2\/comments?post=3864"}],"version-history":[{"count":0,"href":"https:\/\/culturaonline.consorcimuseus.gva.es\/es\/wp-json\/wp\/v2\/posts\/3864\/revisions"}],"wp:featuredmedia":[{"embeddable":true,"href":"https:\/\/culturaonline.consorcimuseus.gva.es\/es\/wp-json\/wp\/v2\/media\/6651"}],"wp:attachment":[{"href":"https:\/\/culturaonline.consorcimuseus.gva.es\/es\/wp-json\/wp\/v2\/media?parent=3864"}],"wp:term":[{"taxonomy":"category","embeddable":true,"href":"https:\/\/culturaonline.consorcimuseus.gva.es\/es\/wp-json\/wp\/v2\/categories?post=3864"},{"taxonomy":"post_tag","embeddable":true,"href":"https:\/\/culturaonline.consorcimuseus.gva.es\/es\/wp-json\/wp\/v2\/tags?post=3864"}],"curies":[{"name":"wp","href":"https:\/\/api.w.org\/{rel}","templated":true}]}}