{"id":901,"date":"2020-10-11T12:50:39","date_gmt":"2020-10-11T10:50:39","guid":{"rendered":"https:\/\/scultura.local\/?p=901"},"modified":"2020-11-05T10:53:45","modified_gmt":"2020-11-05T09:53:45","slug":"simone-simons-y-peter-bosch","status":"publish","type":"post","link":"https:\/\/culturaonline.consorcimuseus.gva.es\/es\/simone-simons-y-peter-bosch\/","title":{"rendered":"SIMONE SIMONS Y PETER BOSCH"},"content":{"rendered":"<div class=\"wpb-content-wrapper\"><p>[vc_row el_class=\u00bbtitulo-pagina-custom-container\u00bb][vc_column][vc_column_text css=\u00bb.vc_custom_1602426668227{margin-bottom: 15px !important;}\u00bb el_class=\u00bbtitulo-pagina-custom\u00bb]ARTISTAS[\/vc_column_text][\/vc_column][\/vc_row][vc_row][vc_column][vc_separator color=\u00bbblack\u00bb][\/vc_column][\/vc_row][vc_row][vc_column width=\u00bb1\/3&#8243;][vc_column_text el_class=\u00bbpost-container-titulo-artista\u00bb]<\/p>\n<h3>SIMONE SIMONS Y PETER BOSCH<\/h3>\n<p>[\/vc_column_text][vc_column_text el_class=\u00bbpost-container-titulo-proyecto\u00bb css=\u00bb.vc_custom_1602868352484{margin-bottom: 20px !important;}\u00bb]<strong><em>Acu\u00e1tica, versi\u00f3n 3<\/em><\/strong>[\/vc_column_text][vc_column_text el_class=\u00bbpost-container-datos-proyecto\u00bb]Proyecto seleccionado en la convocatoria Cultura Online #CMCVaCasa del Consorci de Museus de la Comunitat Valenciana.<\/p>\n<p><a href=\"https:\/\/www.boschsimons.com\/acuatica-2019\/?lang=es\" target=\"_blank\" rel=\"noopener noreferrer\"><strong>VER OBRA<\/strong><\/a><\/p>\n<p><strong>Tags:<\/strong> M\u00e1quinas musicales. Capturar y mezclar sonido de burbujas desde recipientes llenos de agua. Arte sonoro. Composici\u00f3n algor\u00edtmica.<\/p>\n<p><strong>Redes sociales:<\/strong><\/p>\n<p><a href=\"https:\/\/www.facebook.com\/BoschandSimons\/\" target=\"_blank\" rel=\"noopener noreferrer\">Facebook<\/a><\/p>\n<p>Instagram: @peter_bosch_simons<\/p>\n<p><a href=\"http:\/\/www.boschsimons.com\" target=\"_blank\" rel=\"noopener noreferrer\">Web<\/a><\/p>\n<p><a href=\"http:\/\/www.youtube.com\/boschchelva\" target=\"_blank\" rel=\"noopener noreferrer\">Youtube<\/a>[\/vc_column_text][vc_column_text el_class=\u00bbpost-container-enlace-eje\u00bb]Ver eje <strong>&#8216;<a href=\"https:\/\/culturaonline.consorcimuseus.gva.es\/es\/cultura-online\/experimentacion-musical-paisajes-sonoros\/\">Experimentaci\u00f3n musical. Paisajes sonoros<\/a>&#8216;<\/strong>[\/vc_column_text][vc_column_text]<style type=\"text\/css\" data-key=\"share-buttons-sizes-s-\">.essb_links.essb_size_s .essb_link_svg_icon svg{height:16px;width:auto}.essb_links.essb_size_s .essb_icon{width:30px !important;height:30px !important}.essb_links.essb_size_s .essb_icon:before{font-size:16px !important;top:7px !important;left:7px !important}.essb_links.essb_size_s li a .essb_network_name{font-size:12px !important;font-weight:400 !important;line-height:12px !important}.essb_links.essb_size_s .essb_totalcount_item .essb_t_l_big,.essb_links.essb_size_s .essb_totalcount_item .essb_t_r_big{font-size:16px !important;line-height:16px !important}.essb_links.essb_size_s .essb_totalcount_item .essb_t_l_big .essb_t_nb_after,.essb_links.essb_size_s .essb_totalcount_item .essb_t_r_big .essb_t_nb_after{font-size:9px !important;line-height:9px !important;margin-top:1px !important}.essb_links.essb_size_s .essb_totalcount_item .essb_t_l_big.essb_total_icon:before,.essb_links.essb_size_s .essb_totalcount_item .essb_t_r_big.essb_total_icon:before{font-size:16px !important;line-height:26px !important}<\/style><div class=\"essb_links essb_displayed_shortcode essb_share essb_template_circles-retina essb_1950534752 essb_size_s print-no\" id=\"essb_displayed_shortcode_1950534752\" data-essb-postid=\"901\" data-essb-position=\"shortcode\" data-essb-button-style=\"icon\" data-essb-template=\"circles-retina\" data-essb-counter-pos=\"hidden\" data-essb-url=\"https:\/\/culturaonline.consorcimuseus.gva.es\/es\/simone-simons-y-peter-bosch\/\" data-essb-fullurl=\"https:\/\/culturaonline.consorcimuseus.gva.es\/es\/simone-simons-y-peter-bosch\/\" data-essb-instance=\"1950534752\"><div class=\"essb_message_above_share\">Compartir<\/div><ul class=\"essb_links_list essb_force_hide_name essb_force_hide\"><li class=\"essb_item essb_link_facebook nolightbox essb_link_svg_icon\"> <a href=\"https:\/\/www.facebook.com\/sharer\/sharer.php?u=https%3A%2F%2Fculturaonline.consorcimuseus.gva.es%2Fes%2Fsimone-simons-y-peter-bosch%2F&t=SIMONE+SIMONS+Y+PETER+BOSCH\" title=\"Share on Facebook\" onclick=\"essb.window(&#39;https:\/\/www.facebook.com\/sharer\/sharer.php?u=https%3A%2F%2Fculturaonline.consorcimuseus.gva.es%2Fes%2Fsimone-simons-y-peter-bosch%2F&t=SIMONE+SIMONS+Y+PETER+BOSCH&#39;,&#39;facebook&#39;,&#39;1950534752&#39;); return false;\" target=\"_blank\" rel=\"noreferrer noopener nofollow\" class=\"nolightbox essb-s-c-facebook essb-s-b-facebook essb-s-bgh-facebook essb-s-ch-light essb-s-bh-facebook essb-s-c-network essb-s-b-network essb-s-bgh-network essb-s-bh-network\" ><span class=\"essb_icon essb_icon_facebook\"><svg class=\"essb-svg-icon essb-svg-icon-facebook\" aria-hidden=\"true\" role=\"img\" focusable=\"false\" xmlns=\"http:\/\/www.w3.org\/2000\/svg\" width=\"16\" height=\"16\" viewBox=\"0 0 16 16\"><path d=\"M16 8.049c0-4.446-3.582-8.05-8-8.05C3.58 0-.002 3.603-.002 8.05c0 4.017 2.926 7.347 6.75 7.951v-5.625h-2.03V8.05H6.75V6.275c0-2.017 1.195-3.131 3.022-3.131.876 0 1.791.157 1.791.157v1.98h-1.009c-.993 0-1.303.621-1.303 1.258v1.51h2.218l-.354 2.326H9.25V16c3.824-.604 6.75-3.934 6.75-7.951\"><\/path><\/svg><\/span><span class=\"essb_network_name essb_noname\"><\/span><\/a><\/li><li class=\"essb_item essb_link_twitter nolightbox essb_link_twitter_x essb_link_svg_icon\"> <a href=\"https:\/\/x.com\/intent\/post?text=SIMONE%20SIMONS%20Y%20PETER%20BOSCH&amp;url=https%3A%2F%2Fculturaonline.consorcimuseus.gva.es%2Fes%2Fsimone-simons-y-peter-bosch%2F\" title=\"Share on Twitter\" onclick=\"essb.window(&#39;https:\/\/x.com\/intent\/post?text=SIMONE%20SIMONS%20Y%20PETER%20BOSCH&amp;url=https%3A%2F%2Fculturaonline.consorcimuseus.gva.es%2Fes%2Fsimone-simons-y-peter-bosch%2F&#39;,&#39;twitter&#39;,&#39;1950534752&#39;); return false;\" target=\"_blank\" rel=\"noreferrer noopener nofollow\" class=\"nolightbox essb-s-c-twitter essb-s-b-twitter essb-s-bgh-twitter essb-s-ch-light essb-s-bh-twitter essb-s-c-network essb-s-b-network essb-s-bgh-network essb-s-bh-network\" ><span class=\"essb_icon essb_icon_twitter_x\"><svg class=\"essb-svg-icon essb-svg-icon-twitter_x\" aria-hidden=\"true\" role=\"img\" focusable=\"false\" viewBox=\"0 0 24 24\"><path d=\"M18.244 2.25h3.308l-7.227 8.26 8.502 11.24H16.17l-5.214-6.817L4.99 21.75H1.68l7.73-8.835L1.254 2.25H8.08l4.713 6.231zm-1.161 17.52h1.833L7.084 4.126H5.117z\"><\/path><\/svg><\/span><span class=\"essb_network_name essb_noname\"><\/span><\/a><\/li><li class=\"essb_item essb_link_pinterest nolightbox essb_link_svg_icon\"> <a href=\"#\" title=\"Share on Pinterest\" onclick=\"essb.pinterest_picker(&#39;1950534752&#39;); return false;\" target=\"_blank\" rel=\"noreferrer noopener nofollow\" class=\"nolightbox essb-s-c-pinterest essb-s-b-pinterest essb-s-bgh-pinterest essb-s-ch-light essb-s-bh-pinterest essb-s-c-network essb-s-b-network essb-s-bgh-network essb-s-bh-network\" ><span class=\"essb_icon essb_icon_pinterest\"><svg class=\"essb-svg-icon essb-svg-icon-pinterest\" aria-hidden=\"true\" role=\"img\" focusable=\"false\" width=\"32\" height=\"32\" viewBox=\"0 0 32 32\" xmlns=\"http:\/\/www.w3.org\/2000\/svg\"><path d=\"M10.625 12.25c0-1.375 0.313-2.5 1.063-3.438 0.688-0.938 1.563-1.438 2.563-1.438 0.813 0 1.438 0.25 1.875 0.813s0.688 1.25 0.688 2.063c0 0.5-0.125 1.125-0.313 1.813-0.188 0.75-0.375 1.625-0.688 2.563-0.313 1-0.563 1.75-0.688 2.313-0.25 1-0.063 1.875 0.563 2.625 0.625 0.688 1.438 1.063 2.438 1.063 1.75 0 3.188-1 4.313-2.938 1.125-2 1.688-4.375 1.688-7.188 0-2.125-0.688-3.875-2.063-5.25-1.375-1.313-3.313-2-5.813-2-2.813 0-5.063 0.875-6.75 2.688-1.75 1.75-2.625 3.875-2.625 6.375 0 1.5 0.438 2.75 1.25 3.75 0.313 0.313 0.375 0.688 0.313 1.063-0.125 0.313-0.25 0.813-0.375 1.5-0.063 0.25-0.188 0.438-0.375 0.5s-0.375 0.063-0.563 0c-1.313-0.563-2.25-1.438-2.938-2.75s-1-2.813-1-4.5c0-1.125 0.188-2.188 0.563-3.313s0.875-2.188 1.625-3.188c0.75-1.063 1.688-1.938 2.688-2.75 1.063-0.813 2.313-1.438 3.875-1.938 1.5-0.438 3.125-0.688 4.813-0.688 1.813 0 3.438 0.313 4.938 0.938 1.5 0.563 2.813 1.375 3.813 2.375 1.063 1.063 1.813 2.188 2.438 3.5 0.563 1.313 0.875 2.688 0.875 4.063 0 3.75-0.938 6.875-2.875 9.313-1.938 2.5-4.375 3.688-7.375 3.688-1 0-1.938-0.188-2.813-0.688-0.875-0.438-1.5-1-1.875-1.688-0.688 2.938-1.125 4.688-1.313 5.25-0.375 1.438-1.25 3.188-2.688 5.25h-1.313c-0.25-2.563-0.188-4.688 0.188-6.375l2.438-10.313c-0.375-0.813-0.563-1.813-0.563-3.063z\"><\/path><\/svg><\/span><span class=\"essb_network_name essb_noname\"><\/span><\/a><\/li><\/ul><\/div>[\/vc_column_text][vc_empty_space height=\u00bb20px\u00bb][\/vc_column][vc_column width=\u00bb2\/3&#8243;][vc_single_image source=\u00bbfeatured_image\u00bb img_size=\u00bbfull\u00bb alignment=\u00bbcenter\u00bb image_hovers=\u00bbfalse\u00bb lazy_loading=\u00bbtrue\u00bb][vc_column_text]<em>Acu\u00e1tica<\/em> se estren\u00f3 el 29 de octubre 2019 en CentroCentro, Madrid, en la serie VANG, temporada 2019-20. Se Trata de capturar y mezclar el sonido de burbujas de aire en recipientes llenos de agua. En Madrid se aprovech\u00f3 la presencia de un excelente PA, mezclando los sonidos manualmente y amplific\u00e1ndolos de manera cuadraf\u00f3nica. Despu\u00e9s del concierto, el p\u00fablico pod\u00eda subir al escenario y escuchar los sonidos de cerca. En febrero 2020 se desarrolla una segunda versi\u00f3n que funciona de manera aut\u00f3noma, con solo seis fuentes de sonido, la mitad de la versi\u00f3n en Madrid. En esta versi\u00f3n, la mezcla del aire y sus sonidos est\u00e1 siendo controlada por un mini ordenador. Acabamos de ampliar la versi\u00f3n aut\u00f3noma a 12 fuentes de sonido, un proyecto cuyo estreno estaba previsto en el festival de m\u00fasica contempor\u00e1nea ENSEMS, que no se ha pospuesto. Por esto estrenamos la obra on-line en forma de video, dentro CULTURA ONLINE #CMCVaCasa.<\/p>\n<p>En versi\u00f3n 1, Madrid, la gran cantidad de fuentes de sonido y una presi\u00f3n de aire relativamente baja dieron como resultado no solo una variedad de sonidos acu\u00e1ticos, sino tambi\u00e9n una gruesa capa de drones que casi suenan como m\u00fasica electr\u00f3nica.<\/p>\n<p>La configuraci\u00f3n compacta de versi\u00f3n 2 produce un sonido m\u00e1s fr\u00e1gil y extremadamente rico en detalles. Es una instalaci\u00f3n sonora meditativa de duraci\u00f3n indeterminada; su nivel de sonido es relativamente bajo, lo que hace que el sonido amplificado se mezcla perfectamente con el sonido que sale directamente de las garrafas.<\/p>\n<p><em>Acu\u00e1tica, versi\u00f3n 3<\/em> combina las cualidades de las dos versiones anteriores. Mantiene la fragilidad de versi\u00f3n 2, pero gana en complejidad y din\u00e1mica por la cantidad de fuentes, el doble de la versi\u00f3n anterior.<\/p>\n<p>Recomendamos escuchar con auriculares.<\/p>\n<p><strong>\u00a0<\/strong><\/p>\n<p><strong>Autor\u00eda:<\/strong><\/p>\n<p>Simone Simons estudi\u00f3 audiovisuales en la Academia de Arte Gerrit Rietveld de Amsterdam (1980-\u00b485). Peter Bosch estudi\u00f3 psicolog\u00eda en Leiden y Amsterdam (1976-\u201983) y despu\u00e9s sonolog\u00eda en el Real Conservatorio de La Haya (1986-\u201987).<\/p>\n<p>Desde el principio de su colaboraci\u00f3n en \u00c1msterdam, 1985, han abarcado actividades como performances, conciertos y producciones teatrales. A partir de 1990, sin embargo, han centrado su atenci\u00f3n en la construcci\u00f3n de \u201cm\u00e1quinas musicales\u201d. Todas estas son din\u00e1micas: sonido y movimiento est\u00e1n en desarrollo constante. El <em>Krachtgever<\/em> es la m\u00e1s conocida por el Golden Nica que recibi\u00f3 en Prix Ars Electronica, Linz, 1998. Otros proyectos son <em>Cantan un Huevo<\/em> (Metr\u00f2nom, Barcelona, 2001), o <em>Aguas Vivas<\/em> que recibi\u00f3 una menci\u00f3n en VIDA 6.0, Madrid, 2003, y mostrada en \u201cDel mono azul al cuello blanco\u201d, Lonja del Pescado, Alicante, 2003, y \u201cWhite Noise\u201d, ACMI, Melbourne, 2005. En 2009 estrenamos <em>Bang Spring<\/em> <em>Time en Forja,<\/em> Valencia, obra que mostramos en 2011 en la Biennale Transitio, M\u00e9xico D.F. En 2012 se estren\u00f3 <em>Mirlitones<\/em> en DordtYart, Dordrecht, Pa\u00edses Bajos. Luego se mostr\u00f3 en el Totally Huge New Music Festival, Perth, 2013, en NAISA, Toronto, 2015, y en \u201cArte sonoro en Espa\u00f1a, 1961-2016\u201d, Museo Fundaci\u00f3n Juan March, Palma, 2016. <em>\u00daltimo Esfuerzo Industrial II\u2013IV <\/em>se estren\u00f3 en el MEM festival, Bilbao, 2014. Se present\u00f3 como concierto en CentroCentro, Madrid, 2015 y en 2016 en el Centro de Carmen, Valencia (con Katherine Liberovskaya, CA) y como instalaci\u00f3n en Galer\u00eda Punto, Valencia, 2015. <em>\u00daltimo Esfuerzo Rural III<\/em>, se estren\u00f3 en la feria de arte justMAD, Madrid, 2017 en el marco de los Premios EX y despu\u00e9s se mostr\u00f3 en el Museo Patio Herreriano, Valladolid. En 2019 estrenaron <em>\u00daltimo Intento Minero<\/em> en \u00abCallej\u00f3n del Ruido\u00bb, Guanajuato, M\u00e9xico, Arrhythmia en Kunstmuseum Moritzburg, Halle, Alemania (con Sergey Kostyrko, RU) y Spring Tide en \u201cWadden Tide\u201d, Blavandshuk, Dinamarca.[\/vc_column_text][\/vc_column][\/vc_row]<\/p>\n<\/div>","protected":false},"excerpt":{"rendered":"<p>Acu\u00e1tica, versi\u00f3n 3<\/p>\n","protected":false},"author":3,"featured_media":148,"comment_status":"closed","ping_status":"open","sticky":false,"template":"","format":"standard","meta":{"footnotes":""},"categories":[30],"tags":[],"class_list":["post-901","post","type-post","status-publish","format-standard","has-post-thumbnail","hentry","category-experimentacion-musical","category-30","description-off"],"yoast_head":"<!-- This site is optimized with the Yoast SEO plugin v27.3 - https:\/\/yoast.com\/product\/yoast-seo-wordpress\/ -->\n<title>SIMONE SIMONS Y PETER BOSCH. Acu\u00e1tica, versi\u00f3n 3 - Cultura Online<\/title>\n<meta name=\"robots\" content=\"index, follow, max-snippet:-1, max-image-preview:large, max-video-preview:-1\" \/>\n<link rel=\"canonical\" href=\"https:\/\/culturaonline.consorcimuseus.gva.es\/es\/simone-simons-y-peter-bosch\/\" \/>\n<meta property=\"og:locale\" content=\"es_ES\" \/>\n<meta property=\"og:type\" content=\"article\" \/>\n<meta property=\"og:title\" content=\"SIMONE SIMONS Y PETER BOSCH. Acu\u00e1tica, versi\u00f3n 3 - Cultura Online\" \/>\n<meta property=\"og:description\" content=\"Acu\u00e1tica, versi\u00f3n 3\" \/>\n<meta property=\"og:url\" content=\"https:\/\/culturaonline.consorcimuseus.gva.es\/es\/simone-simons-y-peter-bosch\/\" \/>\n<meta property=\"og:site_name\" content=\"Cultura Online\" \/>\n<meta property=\"article:published_time\" content=\"2020-10-11T10:50:39+00:00\" \/>\n<meta property=\"article:modified_time\" content=\"2020-11-05T09:53:45+00:00\" \/>\n<meta property=\"og:image\" content=\"https:\/\/culturaonline.consorcimuseus.gva.es\/wp-content\/uploads\/2020\/10\/28-experimentacion-musical-foto-simone-bernardette-maria.jpg\" \/>\n\t<meta property=\"og:image:width\" content=\"1000\" \/>\n\t<meta property=\"og:image:height\" content=\"667\" \/>\n\t<meta property=\"og:image:type\" content=\"image\/jpeg\" \/>\n<meta name=\"author\" content=\"Cultura Online CMCV\" \/>\n<meta name=\"twitter:card\" content=\"summary_large_image\" \/>\n<meta name=\"twitter:label1\" content=\"Escrito por\" \/>\n\t<meta name=\"twitter:data1\" content=\"Cultura Online CMCV\" \/>\n\t<meta name=\"twitter:label2\" content=\"Tiempo de lectura\" \/>\n\t<meta name=\"twitter:data2\" content=\"4 minutos\" \/>\n<script type=\"application\/ld+json\" class=\"yoast-schema-graph\">{\"@context\":\"https:\\\/\\\/schema.org\",\"@graph\":[{\"@type\":\"Article\",\"@id\":\"https:\\\/\\\/culturaonline.consorcimuseus.gva.es\\\/es\\\/simone-simons-y-peter-bosch\\\/#article\",\"isPartOf\":{\"@id\":\"https:\\\/\\\/culturaonline.consorcimuseus.gva.es\\\/es\\\/simone-simons-y-peter-bosch\\\/\"},\"author\":{\"name\":\"Cultura Online CMCV\",\"@id\":\"https:\\\/\\\/culturaonline.consorcimuseus.gva.es\\\/#\\\/schema\\\/person\\\/71b92be5411063db4a80d60f7b87bedf\"},\"headline\":\"SIMONE SIMONS Y PETER BOSCH\",\"datePublished\":\"2020-10-11T10:50:39+00:00\",\"dateModified\":\"2020-11-05T09:53:45+00:00\",\"mainEntityOfPage\":{\"@id\":\"https:\\\/\\\/culturaonline.consorcimuseus.gva.es\\\/es\\\/simone-simons-y-peter-bosch\\\/\"},\"wordCount\":813,\"publisher\":{\"@id\":\"https:\\\/\\\/culturaonline.consorcimuseus.gva.es\\\/#organization\"},\"image\":{\"@id\":\"https:\\\/\\\/culturaonline.consorcimuseus.gva.es\\\/es\\\/simone-simons-y-peter-bosch\\\/#primaryimage\"},\"thumbnailUrl\":\"https:\\\/\\\/culturaonline.consorcimuseus.gva.es\\\/wp-content\\\/uploads\\\/2020\\\/10\\\/28-experimentacion-musical-foto-simone-bernardette-maria.jpg\",\"articleSection\":[\"Experimentaci\u00f3n musical\"],\"inLanguage\":\"es\"},{\"@type\":\"WebPage\",\"@id\":\"https:\\\/\\\/culturaonline.consorcimuseus.gva.es\\\/es\\\/simone-simons-y-peter-bosch\\\/\",\"url\":\"https:\\\/\\\/culturaonline.consorcimuseus.gva.es\\\/es\\\/simone-simons-y-peter-bosch\\\/\",\"name\":\"SIMONE SIMONS Y PETER BOSCH. Acu\u00e1tica, versi\u00f3n 3 - Cultura Online\",\"isPartOf\":{\"@id\":\"https:\\\/\\\/culturaonline.consorcimuseus.gva.es\\\/#website\"},\"primaryImageOfPage\":{\"@id\":\"https:\\\/\\\/culturaonline.consorcimuseus.gva.es\\\/es\\\/simone-simons-y-peter-bosch\\\/#primaryimage\"},\"image\":{\"@id\":\"https:\\\/\\\/culturaonline.consorcimuseus.gva.es\\\/es\\\/simone-simons-y-peter-bosch\\\/#primaryimage\"},\"thumbnailUrl\":\"https:\\\/\\\/culturaonline.consorcimuseus.gva.es\\\/wp-content\\\/uploads\\\/2020\\\/10\\\/28-experimentacion-musical-foto-simone-bernardette-maria.jpg\",\"datePublished\":\"2020-10-11T10:50:39+00:00\",\"dateModified\":\"2020-11-05T09:53:45+00:00\",\"breadcrumb\":{\"@id\":\"https:\\\/\\\/culturaonline.consorcimuseus.gva.es\\\/es\\\/simone-simons-y-peter-bosch\\\/#breadcrumb\"},\"inLanguage\":\"es\",\"potentialAction\":[{\"@type\":\"ReadAction\",\"target\":[\"https:\\\/\\\/culturaonline.consorcimuseus.gva.es\\\/es\\\/simone-simons-y-peter-bosch\\\/\"]}]},{\"@type\":\"ImageObject\",\"inLanguage\":\"es\",\"@id\":\"https:\\\/\\\/culturaonline.consorcimuseus.gva.es\\\/es\\\/simone-simons-y-peter-bosch\\\/#primaryimage\",\"url\":\"https:\\\/\\\/culturaonline.consorcimuseus.gva.es\\\/wp-content\\\/uploads\\\/2020\\\/10\\\/28-experimentacion-musical-foto-simone-bernardette-maria.jpg\",\"contentUrl\":\"https:\\\/\\\/culturaonline.consorcimuseus.gva.es\\\/wp-content\\\/uploads\\\/2020\\\/10\\\/28-experimentacion-musical-foto-simone-bernardette-maria.jpg\",\"width\":1000,\"height\":667,\"caption\":\"SIMONE SIMONS I PETER BOSCH. Acu\u00e1tica, version 3\"},{\"@type\":\"BreadcrumbList\",\"@id\":\"https:\\\/\\\/culturaonline.consorcimuseus.gva.es\\\/es\\\/simone-simons-y-peter-bosch\\\/#breadcrumb\",\"itemListElement\":[{\"@type\":\"ListItem\",\"position\":1,\"name\":\"Portada\",\"item\":\"https:\\\/\\\/culturaonline.consorcimuseus.gva.es\\\/es\\\/\"},{\"@type\":\"ListItem\",\"position\":2,\"name\":\"SIMONE SIMONS Y PETER BOSCH\"}]},{\"@type\":\"WebSite\",\"@id\":\"https:\\\/\\\/culturaonline.consorcimuseus.gva.es\\\/#website\",\"url\":\"https:\\\/\\\/culturaonline.consorcimuseus.gva.es\\\/\",\"name\":\"Cultura Online\",\"description\":\"\",\"publisher\":{\"@id\":\"https:\\\/\\\/culturaonline.consorcimuseus.gva.es\\\/#organization\"},\"potentialAction\":[{\"@type\":\"SearchAction\",\"target\":{\"@type\":\"EntryPoint\",\"urlTemplate\":\"https:\\\/\\\/culturaonline.consorcimuseus.gva.es\\\/?s={search_term_string}\"},\"query-input\":{\"@type\":\"PropertyValueSpecification\",\"valueRequired\":true,\"valueName\":\"search_term_string\"}}],\"inLanguage\":\"es\"},{\"@type\":\"Organization\",\"@id\":\"https:\\\/\\\/culturaonline.consorcimuseus.gva.es\\\/#organization\",\"name\":\"Consorci de Museus de la Comunitat Valenciana\",\"url\":\"https:\\\/\\\/culturaonline.consorcimuseus.gva.es\\\/\",\"logo\":{\"@type\":\"ImageObject\",\"inLanguage\":\"es\",\"@id\":\"https:\\\/\\\/culturaonline.consorcimuseus.gva.es\\\/#\\\/schema\\\/logo\\\/image\\\/\",\"url\":\"https:\\\/\\\/culturaonline.consorcimuseus.gva.es\\\/wp-content\\\/uploads\\\/2020\\\/10\\\/logo-consorci-museus.jpg\",\"contentUrl\":\"https:\\\/\\\/culturaonline.consorcimuseus.gva.es\\\/wp-content\\\/uploads\\\/2020\\\/10\\\/logo-consorci-museus.jpg\",\"width\":122,\"height\":108,\"caption\":\"Consorci de Museus de la Comunitat Valenciana\"},\"image\":{\"@id\":\"https:\\\/\\\/culturaonline.consorcimuseus.gva.es\\\/#\\\/schema\\\/logo\\\/image\\\/\"}},{\"@type\":\"Person\",\"@id\":\"https:\\\/\\\/culturaonline.consorcimuseus.gva.es\\\/#\\\/schema\\\/person\\\/71b92be5411063db4a80d60f7b87bedf\",\"name\":\"Cultura Online CMCV\",\"image\":{\"@type\":\"ImageObject\",\"inLanguage\":\"es\",\"@id\":\"https:\\\/\\\/secure.gravatar.com\\\/avatar\\\/8206a194875377fd4491e5801b47d4400baf7cc53b4764ffacf6953a9c63e6f5?s=96&d=mm&r=g\",\"url\":\"https:\\\/\\\/secure.gravatar.com\\\/avatar\\\/8206a194875377fd4491e5801b47d4400baf7cc53b4764ffacf6953a9c63e6f5?s=96&d=mm&r=g\",\"contentUrl\":\"https:\\\/\\\/secure.gravatar.com\\\/avatar\\\/8206a194875377fd4491e5801b47d4400baf7cc53b4764ffacf6953a9c63e6f5?s=96&d=mm&r=g\",\"caption\":\"Cultura Online CMCV\"}}]}<\/script>\n<!-- \/ Yoast SEO plugin. -->","yoast_head_json":{"title":"SIMONE SIMONS Y PETER BOSCH. Acu\u00e1tica, versi\u00f3n 3 - Cultura Online","robots":{"index":"index","follow":"follow","max-snippet":"max-snippet:-1","max-image-preview":"max-image-preview:large","max-video-preview":"max-video-preview:-1"},"canonical":"https:\/\/culturaonline.consorcimuseus.gva.es\/es\/simone-simons-y-peter-bosch\/","og_locale":"es_ES","og_type":"article","og_title":"SIMONE SIMONS Y PETER BOSCH. Acu\u00e1tica, versi\u00f3n 3 - Cultura Online","og_description":"Acu\u00e1tica, versi\u00f3n 3","og_url":"https:\/\/culturaonline.consorcimuseus.gva.es\/es\/simone-simons-y-peter-bosch\/","og_site_name":"Cultura Online","article_published_time":"2020-10-11T10:50:39+00:00","article_modified_time":"2020-11-05T09:53:45+00:00","og_image":[{"width":1000,"height":667,"url":"https:\/\/culturaonline.consorcimuseus.gva.es\/wp-content\/uploads\/2020\/10\/28-experimentacion-musical-foto-simone-bernardette-maria.jpg","type":"image\/jpeg"}],"author":"Cultura Online CMCV","twitter_card":"summary_large_image","twitter_misc":{"Escrito por":"Cultura Online CMCV","Tiempo de lectura":"4 minutos"},"schema":{"@context":"https:\/\/schema.org","@graph":[{"@type":"Article","@id":"https:\/\/culturaonline.consorcimuseus.gva.es\/es\/simone-simons-y-peter-bosch\/#article","isPartOf":{"@id":"https:\/\/culturaonline.consorcimuseus.gva.es\/es\/simone-simons-y-peter-bosch\/"},"author":{"name":"Cultura Online CMCV","@id":"https:\/\/culturaonline.consorcimuseus.gva.es\/#\/schema\/person\/71b92be5411063db4a80d60f7b87bedf"},"headline":"SIMONE SIMONS Y PETER BOSCH","datePublished":"2020-10-11T10:50:39+00:00","dateModified":"2020-11-05T09:53:45+00:00","mainEntityOfPage":{"@id":"https:\/\/culturaonline.consorcimuseus.gva.es\/es\/simone-simons-y-peter-bosch\/"},"wordCount":813,"publisher":{"@id":"https:\/\/culturaonline.consorcimuseus.gva.es\/#organization"},"image":{"@id":"https:\/\/culturaonline.consorcimuseus.gva.es\/es\/simone-simons-y-peter-bosch\/#primaryimage"},"thumbnailUrl":"https:\/\/culturaonline.consorcimuseus.gva.es\/wp-content\/uploads\/2020\/10\/28-experimentacion-musical-foto-simone-bernardette-maria.jpg","articleSection":["Experimentaci\u00f3n musical"],"inLanguage":"es"},{"@type":"WebPage","@id":"https:\/\/culturaonline.consorcimuseus.gva.es\/es\/simone-simons-y-peter-bosch\/","url":"https:\/\/culturaonline.consorcimuseus.gva.es\/es\/simone-simons-y-peter-bosch\/","name":"SIMONE SIMONS Y PETER BOSCH. Acu\u00e1tica, versi\u00f3n 3 - Cultura Online","isPartOf":{"@id":"https:\/\/culturaonline.consorcimuseus.gva.es\/#website"},"primaryImageOfPage":{"@id":"https:\/\/culturaonline.consorcimuseus.gva.es\/es\/simone-simons-y-peter-bosch\/#primaryimage"},"image":{"@id":"https:\/\/culturaonline.consorcimuseus.gva.es\/es\/simone-simons-y-peter-bosch\/#primaryimage"},"thumbnailUrl":"https:\/\/culturaonline.consorcimuseus.gva.es\/wp-content\/uploads\/2020\/10\/28-experimentacion-musical-foto-simone-bernardette-maria.jpg","datePublished":"2020-10-11T10:50:39+00:00","dateModified":"2020-11-05T09:53:45+00:00","breadcrumb":{"@id":"https:\/\/culturaonline.consorcimuseus.gva.es\/es\/simone-simons-y-peter-bosch\/#breadcrumb"},"inLanguage":"es","potentialAction":[{"@type":"ReadAction","target":["https:\/\/culturaonline.consorcimuseus.gva.es\/es\/simone-simons-y-peter-bosch\/"]}]},{"@type":"ImageObject","inLanguage":"es","@id":"https:\/\/culturaonline.consorcimuseus.gva.es\/es\/simone-simons-y-peter-bosch\/#primaryimage","url":"https:\/\/culturaonline.consorcimuseus.gva.es\/wp-content\/uploads\/2020\/10\/28-experimentacion-musical-foto-simone-bernardette-maria.jpg","contentUrl":"https:\/\/culturaonline.consorcimuseus.gva.es\/wp-content\/uploads\/2020\/10\/28-experimentacion-musical-foto-simone-bernardette-maria.jpg","width":1000,"height":667,"caption":"SIMONE SIMONS I PETER BOSCH. Acu\u00e1tica, version 3"},{"@type":"BreadcrumbList","@id":"https:\/\/culturaonline.consorcimuseus.gva.es\/es\/simone-simons-y-peter-bosch\/#breadcrumb","itemListElement":[{"@type":"ListItem","position":1,"name":"Portada","item":"https:\/\/culturaonline.consorcimuseus.gva.es\/es\/"},{"@type":"ListItem","position":2,"name":"SIMONE SIMONS Y PETER BOSCH"}]},{"@type":"WebSite","@id":"https:\/\/culturaonline.consorcimuseus.gva.es\/#website","url":"https:\/\/culturaonline.consorcimuseus.gva.es\/","name":"Cultura Online","description":"","publisher":{"@id":"https:\/\/culturaonline.consorcimuseus.gva.es\/#organization"},"potentialAction":[{"@type":"SearchAction","target":{"@type":"EntryPoint","urlTemplate":"https:\/\/culturaonline.consorcimuseus.gva.es\/?s={search_term_string}"},"query-input":{"@type":"PropertyValueSpecification","valueRequired":true,"valueName":"search_term_string"}}],"inLanguage":"es"},{"@type":"Organization","@id":"https:\/\/culturaonline.consorcimuseus.gva.es\/#organization","name":"Consorci de Museus de la Comunitat Valenciana","url":"https:\/\/culturaonline.consorcimuseus.gva.es\/","logo":{"@type":"ImageObject","inLanguage":"es","@id":"https:\/\/culturaonline.consorcimuseus.gva.es\/#\/schema\/logo\/image\/","url":"https:\/\/culturaonline.consorcimuseus.gva.es\/wp-content\/uploads\/2020\/10\/logo-consorci-museus.jpg","contentUrl":"https:\/\/culturaonline.consorcimuseus.gva.es\/wp-content\/uploads\/2020\/10\/logo-consorci-museus.jpg","width":122,"height":108,"caption":"Consorci de Museus de la Comunitat Valenciana"},"image":{"@id":"https:\/\/culturaonline.consorcimuseus.gva.es\/#\/schema\/logo\/image\/"}},{"@type":"Person","@id":"https:\/\/culturaonline.consorcimuseus.gva.es\/#\/schema\/person\/71b92be5411063db4a80d60f7b87bedf","name":"Cultura Online CMCV","image":{"@type":"ImageObject","inLanguage":"es","@id":"https:\/\/secure.gravatar.com\/avatar\/8206a194875377fd4491e5801b47d4400baf7cc53b4764ffacf6953a9c63e6f5?s=96&d=mm&r=g","url":"https:\/\/secure.gravatar.com\/avatar\/8206a194875377fd4491e5801b47d4400baf7cc53b4764ffacf6953a9c63e6f5?s=96&d=mm&r=g","contentUrl":"https:\/\/secure.gravatar.com\/avatar\/8206a194875377fd4491e5801b47d4400baf7cc53b4764ffacf6953a9c63e6f5?s=96&d=mm&r=g","caption":"Cultura Online CMCV"}}]}},"_links":{"self":[{"href":"https:\/\/culturaonline.consorcimuseus.gva.es\/es\/wp-json\/wp\/v2\/posts\/901","targetHints":{"allow":["GET"]}}],"collection":[{"href":"https:\/\/culturaonline.consorcimuseus.gva.es\/es\/wp-json\/wp\/v2\/posts"}],"about":[{"href":"https:\/\/culturaonline.consorcimuseus.gva.es\/es\/wp-json\/wp\/v2\/types\/post"}],"author":[{"embeddable":true,"href":"https:\/\/culturaonline.consorcimuseus.gva.es\/es\/wp-json\/wp\/v2\/users\/3"}],"replies":[{"embeddable":true,"href":"https:\/\/culturaonline.consorcimuseus.gva.es\/es\/wp-json\/wp\/v2\/comments?post=901"}],"version-history":[{"count":0,"href":"https:\/\/culturaonline.consorcimuseus.gva.es\/es\/wp-json\/wp\/v2\/posts\/901\/revisions"}],"wp:featuredmedia":[{"embeddable":true,"href":"https:\/\/culturaonline.consorcimuseus.gva.es\/es\/wp-json\/wp\/v2\/media\/148"}],"wp:attachment":[{"href":"https:\/\/culturaonline.consorcimuseus.gva.es\/es\/wp-json\/wp\/v2\/media?parent=901"}],"wp:term":[{"taxonomy":"category","embeddable":true,"href":"https:\/\/culturaonline.consorcimuseus.gva.es\/es\/wp-json\/wp\/v2\/categories?post=901"},{"taxonomy":"post_tag","embeddable":true,"href":"https:\/\/culturaonline.consorcimuseus.gva.es\/es\/wp-json\/wp\/v2\/tags?post=901"}],"curies":[{"name":"wp","href":"https:\/\/api.w.org\/{rel}","templated":true}]}}